{"id":101172,"date":"2025-03-22T05:00:00","date_gmt":"2025-03-22T08:00:00","guid":{"rendered":"https:\/\/tvc16.com\/portal\/?p=101172"},"modified":"2025-03-21T15:55:46","modified_gmt":"2025-03-21T18:55:46","slug":"prefeito-hingo-hammes-participa-do-lancamento-do-hub-de-computacao-quantica-da-faeterj","status":"publish","type":"post","link":"https:\/\/tvc16.com\/portal\/2025\/03\/22\/prefeito-hingo-hammes-participa-do-lancamento-do-hub-de-computacao-quantica-da-faeterj\/","title":{"rendered":"Prefeito Hingo Hammes participa do lan\u00e7amento do HUB de Computa\u00e7\u00e3o Qu\u00e2ntica da Faeterj"},"content":{"rendered":"\n<p><em>No evento, o prefeito de Petr\u00f3polis destacou a import\u00e2ncia do desenvolvimento da cidade como polo tecnol\u00f3gico na gera\u00e7\u00e3o de conhecimento cient\u00edfico e empregos.<\/em><\/p>\n\n\n\n<p>Na sexta-feira (21) o prefeito de Petr\u00f3polis Hingo Hammes participou do lan\u00e7amento do laborat\u00f3rio de Computa\u00e7\u00e3o Qu\u00e2ntica da Faeterj Petr\u00f3polis, unidade da Funda\u00e7\u00e3o de Apoio \u00e0 Escola T\u00e9cnica &#8211; Faetec. A nova unidade de pesquisa ter\u00e1 o papel de ser um marco na pesquisa e desenvolvimento no pa\u00eds.<\/p>\n\n\n\n<p>\u201cPetr\u00f3polis vem se consolidando a cada dia como um polo tecnol\u00f3gico. A presen\u00e7a do Serratec, da Faeterj e do LNCC (Laborat\u00f3rio Nacional de Computa\u00e7\u00e3o Cient\u00edfica) \u00e9 fundamental nesse sentido. Para que Petr\u00f3polis esteja na vanguarda de desenvolvimento cient\u00edfico no nosso estado, n\u00e3o s\u00f3 na gera\u00e7\u00e3o de conhecimento, mas tamb\u00e9m na capacita\u00e7\u00e3o de profissionais e na gera\u00e7\u00e3o de empregos\u201d, destacou o prefeito Hingo Hammes.<\/p>\n\n\n\n<p>O HUB de computa\u00e7\u00e3o qu\u00e2ntica de Petr\u00f3polis consolida uma parceria com a empresa norte-americana IBM, uma das maiores multinacionais de tecnologia do mundo. Al\u00e9m de usar a mec\u00e2nica qu\u00e2ntica como ferramenta de resolu\u00e7\u00e3o de problemas complexos, na instrumentaliza\u00e7\u00e3o dos pesquisadores e estudantes, colocando o Brasil em um patamar de soberania cient\u00edfica e tecnol\u00f3gica, o HUB compartilhado de Petr\u00f3polis usar\u00e1 intelig\u00eancia artificial como ferramenta.<\/p>\n\n\n\n<p>\u201cEssa \u00e9 uma parceria in\u00e9dita no Brasil com a IBM. Seremos a quadrag\u00e9sima institui\u00e7\u00e3o a ter essa parceria no mundo. Isso d\u00e1 uma dimens\u00e3o da import\u00e2ncia do que est\u00e1 acontecendo hoje em Petr\u00f3polis. Ela vai ser fundamental para o desenvolvimento cient\u00edfico na cidade, que \u00e9 uma cidade parceira do Faeterj, atrav\u00e9s da prefeitura, que sempre tem apoiado os nossos projetos\u201d, disse o diretor do Faeterj Petr\u00f3polis, Bruno Guingo.<\/p>\n\n\n\n<p>Al\u00e9m de Petr\u00f3polis, outros dois munic\u00edpios fazem parte do projeto, subsidiando e apoiando o HUB de Computa\u00e7\u00e3o Qu\u00e2ntica: Niter\u00f3i e Maca\u00e9.<\/p>\n\n\n\n<p>\u201cE essa porta de parcerias est\u00e1 aberta tamb\u00e9m para outros munic\u00edpios, que desejam ser parceiros e dos projetos que j\u00e1 est\u00e3o em desenvolvimento, como o voltado para a pesquisa gen\u00f4mica, que foi fundamental, por exemplo, no mapeamento do v\u00edrus da Covid-19 durante a pandemia. Pesquisa que teve na vanguarda pesquisadores de Petr\u00f3polis, do LNCC, que ainda conta com o supercomputador Santos Dumont. Petr\u00f3polis \u00e9 uma cidade que vem se destacando como polo cient\u00edfico no estado\u201d, ressaltou o secret\u00e1rio de estado de Ci\u00eancia, Tecnologia e Inova\u00e7\u00e3o, Anderson Moraes.<\/p>\n\n\n\n<p>No evento, ainda estiveram presentes os secret\u00e1rios de Governo Fred Proc\u00f3pio, a chefe de Gabinete Ros\u00e2ngela Stumpf, o secret\u00e1rio de Defesa Civil Guilherme Moraes, de Educa\u00e7\u00e3o Alexandre Gurgel, de Desenvolvimento Econ\u00f4mico Samir El Ghaoui, al\u00e9m do desembargador do TJRJ Jos\u00e9 Cl\u00e1udio de Macedo Fernandes e dos vereadores Wesley Barreto e L\u00edvia Miranda.<\/p>\n\n\n\n<p>Foto: divulga\u00e7\u00e3o <\/p>\n","protected":false},"excerpt":{"rendered":"<p>No evento, o prefeito de Petr\u00f3polis destacou a import\u00e2ncia do desenvolvimento da cidade como polo<\/p>\n","protected":false},"author":2,"featured_media":101173,"comment_status":"open","ping_status":"open","sticky":false,"template":"","format":"standard","meta":{"footnotes":""},"categories":[12],"tags":[],"class_list":["post-101172","post","type-post","status-publish","format-standard","has-post-thumbnail","hentry","category-cidade"],"_links":{"self":[{"href":"https:\/\/tvc16.com\/portal\/wp-json\/wp\/v2\/posts\/101172","targetHints":{"allow":["GET"]}}],"collection":[{"href":"https:\/\/tvc16.com\/portal\/wp-json\/wp\/v2\/posts"}],"about":[{"href":"https:\/\/tvc16.com\/portal\/wp-json\/wp\/v2\/types\/post"}],"author":[{"embeddable":true,"href":"https:\/\/tvc16.com\/portal\/wp-json\/wp\/v2\/users\/2"}],"replies":[{"embeddable":true,"href":"https:\/\/tvc16.com\/portal\/wp-json\/wp\/v2\/comments?post=101172"}],"version-history":[{"count":1,"href":"https:\/\/tvc16.com\/portal\/wp-json\/wp\/v2\/posts\/101172\/revisions"}],"predecessor-version":[{"id":101174,"href":"https:\/\/tvc16.com\/portal\/wp-json\/wp\/v2\/posts\/101172\/revisions\/101174"}],"wp:featuredmedia":[{"embeddable":true,"href":"https:\/\/tvc16.com\/portal\/wp-json\/wp\/v2\/media\/101173"}],"wp:attachment":[{"href":"https:\/\/tvc16.com\/portal\/wp-json\/wp\/v2\/media?parent=101172"}],"wp:term":[{"taxonomy":"category","embeddable":true,"href":"https:\/\/tvc16.com\/portal\/wp-json\/wp\/v2\/categories?post=101172"},{"taxonomy":"post_tag","embeddable":true,"href":"https:\/\/tvc16.com\/portal\/wp-json\/wp\/v2\/tags?post=101172"}],"curies":[{"name":"wp","href":"https:\/\/api.w.org\/{rel}","templated":true}]}}