{"id":101175,"date":"2025-03-24T05:00:00","date_gmt":"2025-03-24T08:00:00","guid":{"rendered":"https:\/\/tvc16.com\/portal\/?p=101175"},"modified":"2025-03-21T16:58:06","modified_gmt":"2025-03-21T19:58:06","slug":"em-ano-de-cop-30-unifase-fmp-coloca-a-saude-planetaria-em-foco-na-3a-jornada-da-virada-climatica","status":"publish","type":"post","link":"https:\/\/tvc16.com\/portal\/2025\/03\/24\/em-ano-de-cop-30-unifase-fmp-coloca-a-saude-planetaria-em-foco-na-3a-jornada-da-virada-climatica\/","title":{"rendered":"Em ano de COP 30, UNIFASE\/FMP coloca a sa\u00fade planet\u00e1ria em foco na 3\u00aa Jornada da Virada Clim\u00e1tica"},"content":{"rendered":"\n<p>Pelo terceiro ano consecutivo, o Centro Universit\u00e1rio Arthur S\u00e1 Earp Neto e a Faculdade de Medicina de Petr\u00f3polis (UNIFASE\/FMP) trar\u00e3o as mudan\u00e7as clim\u00e1ticas para o centro da pauta da cidade, com a 3\u00aa Jornada da Virada Clim\u00e1tica. O evento, que j\u00e1 \u00e9 parte do calend\u00e1rio institucional, ser\u00e1 realizado na pr\u00f3xima quarta-feira, dia 27 de mar\u00e7o, com uma programa\u00e7\u00e3o que tem como base temas que estar\u00e3o em debate na COP 30. A mesa de discuss\u00e3o ter\u00e1 a participa\u00e7\u00e3o de especialistas em Sa\u00fade e Defesa Civil e Gest\u00e3o Ambiental. O evento \u00e9 aberto ao p\u00fablico e tem entrada gratuita, sendo necess\u00e1ria apenas inscri\u00e7\u00e3o pr\u00e9via pelo site: https:\/\/www.unifase-rj.edu.br\/evento-de-extensao\/iii-jornada-da-virada-climatica.<\/p>\n\n\n\n<p>Coordenador de Extens\u00e3o da UNIFASE\/FMP, o professor Ricardo Tammela explica que a discuss\u00e3o estar\u00e1 centrada especialmente em tr\u00eas dos eixos que ser\u00e3o abordados na COP30. &#8220;Escolhemos a desigualdade clim\u00e1tica, j\u00e1 que Petr\u00f3polis tem grande parte da popula\u00e7\u00e3o em vulnerabilidade em rela\u00e7\u00e3o \u00e0s quest\u00f5es clim\u00e1ticas; as florestas, j\u00e1 que a nossa cidade tem uma cobertura de florestas muito importante, e bioeconomia. S\u00e3o tem\u00e1ticas que t\u00eam uma ader\u00eancia com Petr\u00f3polis. Vamos colocar essas pautas em discuss\u00e3o para que, juntos, possamos pensar no modelo de cidade que n\u00f3s queremos para os pr\u00f3ximos anos&#8221;, detalhou Ricardo Tammela.<\/p>\n\n\n\n<p>A mesa de debate ter\u00e1 a participa\u00e7\u00e3o da Superintendente de Emerg\u00eancia em Sa\u00fade P\u00fablica da Secretaria Estadual de Sa\u00fade, a Enfermeira e Doutora em Sa\u00fade Coletiva Silvia Cristina de Carvalho Cardoso; da Mestre em Defesa e Seguran\u00e7a Civil e ponto focal estadual do Programa Vigidesastres no Centro de Informa\u00e7\u00f5es Estrat\u00e9gicas de Vigil\u00e2ncia em Sa\u00fade do Rio de Janeiro, Cristina Freire da Silva; do secret\u00e1rio municipal de Prote\u00e7\u00e3o e Defesa Civil, o tenente-coronel Bombeiro Militar Guilherme Moraes; e da gestora ambiental e pesquisadora Pamela M\u00e9rcia, duas vezes vencedora do Pr\u00eamio Chico Mendes por sua contribui\u00e7\u00e3o na luta pela justi\u00e7a ambiental. Ela \u00e9 p\u00f3s-graduanda em Pol\u00edtica e Governan\u00e7a Clim\u00e1tica e integra a Coaliz\u00e3o Brasileira de Educa\u00e7\u00e3o Clim\u00e1tica (CBEC), a Frente Parlamentar Ambientalista, al\u00e9m de conselhos consultivos em mudan\u00e7as clim\u00e1ticas e preven\u00e7\u00e3o de desastres.<\/p>\n\n\n\n<p>Integrante da comiss\u00e3o organizadora da Jornada da Virada Clim\u00e1tica, o professor Paulo Klingelhoefer de S\u00e1, que \u00e9 Mestre em Ci\u00eancias da Sa\u00fade e especialista em Sa\u00fade Coletiva, lembra que as cat\u00e1strofes registradas recentemente pelo mundo evidenciam a necessidade de colocar a sa\u00fade planet\u00e1ria como pauta priorit\u00e1ria de gestores em todas as esferas governamentais e tamb\u00e9m da popula\u00e7\u00e3o, em geral. &#8220;Precisamos estar conscientes sobre o que est\u00e1 acontecendo com o planeta. Precisamos falar sobre a cultura regenerativa e mostrar a correla\u00e7\u00e3o entre a sa\u00fade humana \u00e0 preserva\u00e7\u00e3o dos ecossistemas. N\u00e3o h\u00e1 como fazer dissocia\u00e7\u00e3o\u201d.<\/p>\n\n\n\n<p>O evento ser\u00e1 realizado na Sala Arthur S\u00e1 Earp Neto, no Campus da UNIFASE\/FMP localizado na Av. Bar\u00e3o do Rio Branco, 1.003, no Centro de Petr\u00f3polis. A programa\u00e7\u00e3o ter\u00e1 in\u00edcio \u00e0s 9h.<\/p>\n\n\n\n<p>Foto: divulga\u00e7\u00e3o <\/p>\n","protected":false},"excerpt":{"rendered":"<p>Pelo terceiro ano consecutivo, o Centro Universit\u00e1rio Arthur S\u00e1 Earp Neto e a Faculdade de<\/p>\n","protected":false},"author":2,"featured_media":101176,"comment_status":"open","ping_status":"open","sticky":false,"template":"","format":"standard","meta":{"footnotes":""},"categories":[12],"tags":[],"class_list":["post-101175","post","type-post","status-publish","format-standard","has-post-thumbnail","hentry","category-cidade"],"_links":{"self":[{"href":"https:\/\/tvc16.com\/portal\/wp-json\/wp\/v2\/posts\/101175","targetHints":{"allow":["GET"]}}],"collection":[{"href":"https:\/\/tvc16.com\/portal\/wp-json\/wp\/v2\/posts"}],"about":[{"href":"https:\/\/tvc16.com\/portal\/wp-json\/wp\/v2\/types\/post"}],"author":[{"embeddable":true,"href":"https:\/\/tvc16.com\/portal\/wp-json\/wp\/v2\/users\/2"}],"replies":[{"embeddable":true,"href":"https:\/\/tvc16.com\/portal\/wp-json\/wp\/v2\/comments?post=101175"}],"version-history":[{"count":1,"href":"https:\/\/tvc16.com\/portal\/wp-json\/wp\/v2\/posts\/101175\/revisions"}],"predecessor-version":[{"id":101177,"href":"https:\/\/tvc16.com\/portal\/wp-json\/wp\/v2\/posts\/101175\/revisions\/101177"}],"wp:featuredmedia":[{"embeddable":true,"href":"https:\/\/tvc16.com\/portal\/wp-json\/wp\/v2\/media\/101176"}],"wp:attachment":[{"href":"https:\/\/tvc16.com\/portal\/wp-json\/wp\/v2\/media?parent=101175"}],"wp:term":[{"taxonomy":"category","embeddable":true,"href":"https:\/\/tvc16.com\/portal\/wp-json\/wp\/v2\/categories?post=101175"},{"taxonomy":"post_tag","embeddable":true,"href":"https:\/\/tvc16.com\/portal\/wp-json\/wp\/v2\/tags?post=101175"}],"curies":[{"name":"wp","href":"https:\/\/api.w.org\/{rel}","templated":true}]}}