{"id":101181,"date":"2025-03-22T05:03:00","date_gmt":"2025-03-22T08:03:00","guid":{"rendered":"https:\/\/tvc16.com\/portal\/?p=101181"},"modified":"2025-03-21T17:10:30","modified_gmt":"2025-03-21T20:10:30","slug":"prefeitura-e-uff-realizam-reuniao-para-aproximacao-entre-municipio-e-universidade","status":"publish","type":"post","link":"https:\/\/tvc16.com\/portal\/2025\/03\/22\/prefeitura-e-uff-realizam-reuniao-para-aproximacao-entre-municipio-e-universidade\/","title":{"rendered":"Prefeitura e UFF realizam reuni\u00e3o para aproxima\u00e7\u00e3o entre munic\u00edpio e universidade"},"content":{"rendered":"\n<p>A Prefeitura deu mais um passo para o fortalecimento do desenvolvimento econ\u00f4mico na cidade. Na \u00faltima quinta-feira (20), o Prefeito Hingo Hammes e o secret\u00e1rio de Desenvolvimento Econ\u00f4mico Samir El Ghaoui, se encontraram com o reitor Antonio Claudio Lucas da N\u00f3brega da Universidade Federal Fluminense (UFF). A reuni\u00e3o teve como objetivo a aproxima\u00e7\u00e3o entre o munic\u00edpio e a Universidade Federal.<\/p>\n\n\n\n<p>\u201cEsse \u00e9 um passo importante para o nosso munic\u00edpio, a UFF \u00e9 um polo de Desenvolvimento e tecnologia e queremos estreitar esse la\u00e7o para que os alunos dos cursos possam crescer profissionalmente dentro do nosso munic\u00edpio\u201d, disse o prefeito Hingo Hammes.<\/p>\n\n\n\n<p>Hoje Petr\u00f3polis e a UFF possuem um conv\u00eanio de coopera\u00e7\u00e3o acad\u00eamica, cient\u00edfica e tecnol\u00f3gica. O acordo prev\u00ea a realiza\u00e7\u00e3o de projetos acad\u00eamicos do curso de gradua\u00e7\u00e3o em Engenharia de Produ\u00e7\u00e3o da Escola de Engenharia da UFF, que promovem, com os estudantes, atividades de aprendizagem social, profissional e cultural.<\/p>\n\n\n\n<p>\u201cPetr\u00f3polis \u00e9 uma cidade tecnol\u00f3gica e, visando isso, precisamos capacitar nossos jovens para atuarem nessa \u00e1rea e fortalecer um mercado para que eles possam se desenvolver dentro da cidade, um mercado que ofere\u00e7a oportunidades para que eles apliquem suas habilidades aqui\u201d, ressalta o secret\u00e1rio de Desenvolvimento Econ\u00f4mico Samir El Ghaoui.<\/p>\n\n\n\n<p>O reitor da Universidade Ant\u00f4nio Cl\u00e1udio complementa, explicando que busca refor\u00e7ar o compromisso da universidade com a cidade, inserindo o curso na sociedade. \u201cO projeto pedag\u00f3gico do nosso curso j\u00e1 come\u00e7a introduzindo nossos alunos \u00e0s empresas da cidade desde o primeiro per\u00edodo, e muitos continuam empregados dentro do munic\u00edpio\u201d, explica.<\/p>\n\n\n\n<p>Tamb\u00e9m participaram da reuni\u00e3o o diretor do campus da UFF em Petr\u00f3polis, Anibal Alberto Vilcapoma Ignacio, os professores: Flavio D\u2019Angelo, Daniel Souza e Ana Carolina Rios, al\u00e9m do servidor Igor Ferreira.<\/p>\n","protected":false},"excerpt":{"rendered":"<p>A Prefeitura deu mais um passo para o fortalecimento do desenvolvimento econ\u00f4mico na cidade. Na<\/p>\n","protected":false},"author":2,"featured_media":101185,"comment_status":"open","ping_status":"open","sticky":false,"template":"","format":"standard","meta":{"footnotes":""},"categories":[12],"tags":[],"class_list":["post-101181","post","type-post","status-publish","format-standard","has-post-thumbnail","hentry","category-cidade"],"_links":{"self":[{"href":"https:\/\/tvc16.com\/portal\/wp-json\/wp\/v2\/posts\/101181","targetHints":{"allow":["GET"]}}],"collection":[{"href":"https:\/\/tvc16.com\/portal\/wp-json\/wp\/v2\/posts"}],"about":[{"href":"https:\/\/tvc16.com\/portal\/wp-json\/wp\/v2\/types\/post"}],"author":[{"embeddable":true,"href":"https:\/\/tvc16.com\/portal\/wp-json\/wp\/v2\/users\/2"}],"replies":[{"embeddable":true,"href":"https:\/\/tvc16.com\/portal\/wp-json\/wp\/v2\/comments?post=101181"}],"version-history":[{"count":1,"href":"https:\/\/tvc16.com\/portal\/wp-json\/wp\/v2\/posts\/101181\/revisions"}],"predecessor-version":[{"id":101182,"href":"https:\/\/tvc16.com\/portal\/wp-json\/wp\/v2\/posts\/101181\/revisions\/101182"}],"wp:featuredmedia":[{"embeddable":true,"href":"https:\/\/tvc16.com\/portal\/wp-json\/wp\/v2\/media\/101185"}],"wp:attachment":[{"href":"https:\/\/tvc16.com\/portal\/wp-json\/wp\/v2\/media?parent=101181"}],"wp:term":[{"taxonomy":"category","embeddable":true,"href":"https:\/\/tvc16.com\/portal\/wp-json\/wp\/v2\/categories?post=101181"},{"taxonomy":"post_tag","embeddable":true,"href":"https:\/\/tvc16.com\/portal\/wp-json\/wp\/v2\/tags?post=101181"}],"curies":[{"name":"wp","href":"https:\/\/api.w.org\/{rel}","templated":true}]}}