{"id":101192,"date":"2025-03-22T22:00:00","date_gmt":"2025-03-23T01:00:00","guid":{"rendered":"https:\/\/tvc16.com\/portal\/?p=101192"},"modified":"2025-03-21T17:24:16","modified_gmt":"2025-03-21T20:24:16","slug":"campanha-de-vacinacao-contra-a-gripe-comeca-no-dia-7-de-abril","status":"publish","type":"post","link":"https:\/\/tvc16.com\/portal\/2025\/03\/22\/campanha-de-vacinacao-contra-a-gripe-comeca-no-dia-7-de-abril\/","title":{"rendered":"Campanha de vacina\u00e7\u00e3o contra a gripe come\u00e7a no dia 7 de abril"},"content":{"rendered":"\n<p><strong>A campanha nacional de vacina\u00e7\u00e3o contra a influenza este ano come\u00e7a no dia 7 de abril.&nbsp;<\/strong>O an\u00fancio foi feito pelo ministro da Sa\u00fade, Alexandre Padilha, nesta sexta-feira (21), data em que as doses come\u00e7am a ser distribu\u00eddas aos estados.<img decoding=\"async\" src=\"https:\/\/agenciabrasil.ebc.com.br\/ebc.png?id=1635557&amp;o=node\"><img decoding=\"async\" src=\"https:\/\/agenciabrasil.ebc.com.br\/ebc.gif?id=1635557&amp;o=node\"><\/p>\n\n\n\n<p><strong>A meta \u00e9 imunizar 90% dos chamados grupos priorit\u00e1rios, que incluem crian\u00e7as de 6 meses a menores de 6 anos, idosos, gestantes, pu\u00e9rperas, pessoas com doen\u00e7as cr\u00f4nicas, pessoas com defici\u00eancia, profissionais de sa\u00fade e professores, dentre outros.<\/strong><\/p>\n\n\n\n<p>Ao receber a primeira remessa de doses destinada ao Distrito Federal, Padilha destacou que&nbsp;<strong>o imunizante protege contra um total de tr\u00eas v\u00edrus do tipo influenza<\/strong>&nbsp;e garante uma redu\u00e7\u00e3o do risco de casos graves e \u00f3bitos provocados pela doen\u00e7a.<\/p>\n\n\n\n<p>Segundo ele,<strong>&nbsp;estados e munic\u00edpios que receberem as doses ao longo dos pr\u00f3ximos dias podem optar por iniciar a vacina\u00e7\u00e3o antes do dia 7.<\/strong>&nbsp;No Distrito Federal, por exemplo, a imuniza\u00e7\u00e3o deve come\u00e7ar na pr\u00f3xima ter\u00e7a-feira (26).<\/p>\n\n\n\n<p>A previs\u00e3o \u00e9 que, at\u00e9 o fim de mar\u00e7o, 35 milh\u00f5es de doses tenham sido entregues aos estados. Padilha refutou mitos como o de que a dose faz com que a pessoa imunizada fique gripada e destacou que, muitas vezes, o que acontece \u00e9 que ela j\u00e1 chega infectada no momento de receber a vacina.<\/p>\n\n\n\n<figure class=\"wp-block-image\"><img loading=\"lazy\" decoding=\"async\" width=\"754\" height=\"539\" src=\"https:\/\/tvc16.com\/portal\/wp-content\/uploads\/2025\/03\/54401339593_226c9e62b9_o.webp\" alt=\"Brasilia (DF) 21\/03\/2025 - Ministro da Sa\u00fade, Alexandre Padilha, em recep\u00e7\u00e3o de vacinas contra influenza. Foto: Jo\u00e3o Risi\/MS\" class=\"wp-image-101194\" title=\"Jo\u00e3o Risi\/MS\" srcset=\"https:\/\/tvc16.com\/portal\/wp-content\/uploads\/2025\/03\/54401339593_226c9e62b9_o.webp 754w, https:\/\/tvc16.com\/portal\/wp-content\/uploads\/2025\/03\/54401339593_226c9e62b9_o-300x214.webp 300w\" sizes=\"auto, (max-width: 754px) 100vw, 754px\" \/><\/figure>\n\n\n\n<h6 class=\"wp-block-heading\">Brasilia (DF) 21\/03\/2025 &#8211; Ministro da Sa\u00fade, Alexandre Padilha, em recep\u00e7\u00e3o de vacinas contra influenza. Foto: Jo\u00e3o Risi\/MS &#8211;&nbsp;<strong>Jo\u00e3o Risi\/MS<\/strong><\/h6>\n\n\n\n<h2 class=\"wp-block-heading\">Vacina o ano todo<\/h2>\n\n\n\n<p>O ministro destacou que,&nbsp;<strong>a partir deste ano, a vacina contra a influenza passa a ficar dispon\u00edvel em unidades b\u00e1sicas de sa\u00fade&nbsp;<a href=\"https:\/\/agenciabrasil.ebc.com.br\/radioagencia-nacional\/saude\/audio\/2025-03\/vacinacao-contra-gripe-agora-faz-parte-do-calendario-permanente\">de forma permanente<\/a><\/strong>. A estrat\u00e9gia, segundo ele, \u00e9 n\u00e3o perder nenhuma oportunidade de vacinar pessoas que buscarem a dose.<\/p>\n\n\n\n<p>Padilha disse ainda que os dias D nacionais de vacina\u00e7\u00e3o contra a influenza tamb\u00e9m ser\u00e3o retomados. A data, para este ano, ser\u00e1 definida ao longo da pr\u00f3xima semana, durante reuni\u00e3o da comiss\u00e3o intergestores tripartite, mas deve acontecer em maio.<\/p>\n\n\n\n<h2 class=\"wp-block-heading\">P\u00fablico em geral<\/h2>\n\n\n\n<p>A possibilidade de ampliar a vacina\u00e7\u00e3o contra a influenza para o p\u00fablico em geral, segundo o ministro, n\u00e3o est\u00e1 descartada, mas ficar\u00e1 a crit\u00e9rio de cada estado e munic\u00edpio, levando em considera\u00e7\u00e3o o status de cobertura dos grupos priorit\u00e1rios.<\/p>\n\n\n\n<blockquote class=\"wp-block-quote is-layout-flow wp-block-quote-is-layout-flow\">\n<p>\u201cA meta recomendada pela OMS [Organiza\u00e7\u00e3o Mundial da Sa\u00fade] \u00e9 90% [de cobertura vacinal para grupos priorit\u00e1rios]. Vamos perseguir isso\u201d, disse Padilha.<\/p>\n<\/blockquote>\n\n\n\n<p>Paula Laboissi\u00e8re \u2013 Rep\u00f3rter da Ag\u00eancia Brasil<br>\u00a9 Arquivo\/Gilberto Marques\/Governo do Estado de S\u00e3o Paulo<br><\/p>\n","protected":false},"excerpt":{"rendered":"<p>A campanha nacional de vacina\u00e7\u00e3o contra a influenza este ano come\u00e7a no dia 7 de<\/p>\n","protected":false},"author":2,"featured_media":101193,"comment_status":"open","ping_status":"open","sticky":false,"template":"","format":"standard","meta":{"footnotes":""},"categories":[17],"tags":[],"class_list":["post-101192","post","type-post","status-publish","format-standard","has-post-thumbnail","hentry","category-outras-noticias"],"_links":{"self":[{"href":"https:\/\/tvc16.com\/portal\/wp-json\/wp\/v2\/posts\/101192","targetHints":{"allow":["GET"]}}],"collection":[{"href":"https:\/\/tvc16.com\/portal\/wp-json\/wp\/v2\/posts"}],"about":[{"href":"https:\/\/tvc16.com\/portal\/wp-json\/wp\/v2\/types\/post"}],"author":[{"embeddable":true,"href":"https:\/\/tvc16.com\/portal\/wp-json\/wp\/v2\/users\/2"}],"replies":[{"embeddable":true,"href":"https:\/\/tvc16.com\/portal\/wp-json\/wp\/v2\/comments?post=101192"}],"version-history":[{"count":1,"href":"https:\/\/tvc16.com\/portal\/wp-json\/wp\/v2\/posts\/101192\/revisions"}],"predecessor-version":[{"id":101195,"href":"https:\/\/tvc16.com\/portal\/wp-json\/wp\/v2\/posts\/101192\/revisions\/101195"}],"wp:featuredmedia":[{"embeddable":true,"href":"https:\/\/tvc16.com\/portal\/wp-json\/wp\/v2\/media\/101193"}],"wp:attachment":[{"href":"https:\/\/tvc16.com\/portal\/wp-json\/wp\/v2\/media?parent=101192"}],"wp:term":[{"taxonomy":"category","embeddable":true,"href":"https:\/\/tvc16.com\/portal\/wp-json\/wp\/v2\/categories?post=101192"},{"taxonomy":"post_tag","embeddable":true,"href":"https:\/\/tvc16.com\/portal\/wp-json\/wp\/v2\/tags?post=101192"}],"curies":[{"name":"wp","href":"https:\/\/api.w.org\/{rel}","templated":true}]}}