{"id":101200,"date":"2025-03-24T05:00:00","date_gmt":"2025-03-24T08:00:00","guid":{"rendered":"https:\/\/tvc16.com\/portal\/?p=101200"},"modified":"2025-03-21T17:27:43","modified_gmt":"2025-03-21T20:27:43","slug":"prefeitura-lanca-programa-fala-comigo-para-ampliar-inclusao-nas-escolas-municipais","status":"publish","type":"post","link":"https:\/\/tvc16.com\/portal\/2025\/03\/24\/prefeitura-lanca-programa-fala-comigo-para-ampliar-inclusao-nas-escolas-municipais\/","title":{"rendered":"Prefeitura lan\u00e7a Programa &#8220;Fala Comigo&#8221; para ampliar inclus\u00e3o nas escolas municipais"},"content":{"rendered":"\n<p><em>Curso de Libras lan\u00e7ado pela Secretaria de Educa\u00e7\u00e3o j\u00e1 mobiliza servidores interessados em promover comunica\u00e7\u00e3o acess\u00edvel<\/em><\/p>\n\n\n\n<p>A Prefeitura de Petr\u00f3polis, por meio da Secretaria Municipal de Educa\u00e7\u00e3o, lan\u00e7ou oficialmente na quinta-feira (20.03) o Programa Fala Comigo, que integra o programa de governo do prefeito Hingo Hammes. A iniciativa \u00e9 destinada \u00e0 capacita\u00e7\u00e3o de servidores da rede municipal em Libras (L\u00edngua Brasileira de Sinais). O curso, que tem dura\u00e7\u00e3o de seis meses e carga hor\u00e1ria de 50 horas, j\u00e1 conta com mais de 90 inscritos, demonstrando grande interesse pela tem\u00e1tica da inclus\u00e3o.<\/p>\n\n\n\n<p>O objetivo principal do curso \u00e9 aprimorar a comunica\u00e7\u00e3o entre docentes e estudantes com defici\u00eancia auditiva nas escolas municipais. A capacita\u00e7\u00e3o ocorrer\u00e1 todas as quartas-feiras, das 18h30 \u00e0s 20h, iniciando no dia 27 de mar\u00e7o e encerrando em setembro de 2025.<\/p>\n\n\n\n<p>Segundo o prefeito Hingo Hammes, o programa refor\u00e7a o compromisso da gest\u00e3o municipal com a acessibilidade. \u201cInvestir na qualifica\u00e7\u00e3o dos nossos servidores \u00e9 essencial para garantir igualdade no aprendizado. Estamos dando um passo importante para construir um munic\u00edpio mais justo e inclusivo\u201d, afirmou.<\/p>\n\n\n\n<p>As inscri\u00e7\u00f5es permanecem abertas por meio do e-mail casadaeducacaoformacao@gmail.com, sendo confirmadas por ordem de solicita\u00e7\u00e3o. As aulas ser\u00e3o realizadas na Casa da Educa\u00e7\u00e3o Bar\u00e3o de Mau\u00e1, situada na Avenida Bar\u00e3o do Rio Branco, no Centro.<\/p>\n\n\n\n<p>\u201cQuando um professor aprende Libras, toda a escola ganha. A comunica\u00e7\u00e3o melhora significativamente, promovendo a intera\u00e7\u00e3o efetiva com estudantes que possuem defici\u00eancia auditiva e ampliando as possibilidades educacionais\u201d, pontuou o secret\u00e1rio de Educa\u00e7\u00e3o, Alexandre Gurgel.<\/p>\n\n\n\n<p>A subsecret\u00e1ria Ana Carolina Kapler explicou a estrutura pedag\u00f3gica adotada. \u201cPreparamos conte\u00fados direcionados para o contexto escolar, com foco pr\u00e1tico para atender \u00e0 realidade cotidiana dos servidores. O programa foi desenvolvido para gerar resultados concretos na sala de aula\u201d, esclareceu.<\/p>\n\n\n\n<p>Al\u00e9m de promover o aprendizado da L\u00edngua Brasileira de Sinais, o Programa Fala Comigo busca fortalecer a educa\u00e7\u00e3o inclusiva no munic\u00edpio. Ao final do curso, os servidores recebem um certificado de conclus\u00e3o do curso e estar\u00e3o aptos a implementar estrat\u00e9gias eficazes para facilitar a comunica\u00e7\u00e3o direta com os estudantes.<\/p>\n\n\n\n<p>O interesse pela capacita\u00e7\u00e3o demonstra a disposi\u00e7\u00e3o dos profissionais da educa\u00e7\u00e3o em melhorar continuamente suas pr\u00e1ticas pedag\u00f3gicas. A Secretaria de Educa\u00e7\u00e3o prev\u00ea, devido \u00e0 alta procura inicial, a abertura de novas turmas para atender mais profissionais interessados no curso.<\/p>\n\n\n\n<p>Foto: arquivo TVC<\/p>\n","protected":false},"excerpt":{"rendered":"<p>Curso de Libras lan\u00e7ado pela Secretaria de Educa\u00e7\u00e3o j\u00e1 mobiliza servidores interessados em promover comunica\u00e7\u00e3o<\/p>\n","protected":false},"author":2,"featured_media":91581,"comment_status":"open","ping_status":"open","sticky":false,"template":"","format":"standard","meta":{"footnotes":""},"categories":[12],"tags":[],"class_list":["post-101200","post","type-post","status-publish","format-standard","has-post-thumbnail","hentry","category-cidade"],"_links":{"self":[{"href":"https:\/\/tvc16.com\/portal\/wp-json\/wp\/v2\/posts\/101200","targetHints":{"allow":["GET"]}}],"collection":[{"href":"https:\/\/tvc16.com\/portal\/wp-json\/wp\/v2\/posts"}],"about":[{"href":"https:\/\/tvc16.com\/portal\/wp-json\/wp\/v2\/types\/post"}],"author":[{"embeddable":true,"href":"https:\/\/tvc16.com\/portal\/wp-json\/wp\/v2\/users\/2"}],"replies":[{"embeddable":true,"href":"https:\/\/tvc16.com\/portal\/wp-json\/wp\/v2\/comments?post=101200"}],"version-history":[{"count":1,"href":"https:\/\/tvc16.com\/portal\/wp-json\/wp\/v2\/posts\/101200\/revisions"}],"predecessor-version":[{"id":101201,"href":"https:\/\/tvc16.com\/portal\/wp-json\/wp\/v2\/posts\/101200\/revisions\/101201"}],"wp:featuredmedia":[{"embeddable":true,"href":"https:\/\/tvc16.com\/portal\/wp-json\/wp\/v2\/media\/91581"}],"wp:attachment":[{"href":"https:\/\/tvc16.com\/portal\/wp-json\/wp\/v2\/media?parent=101200"}],"wp:term":[{"taxonomy":"category","embeddable":true,"href":"https:\/\/tvc16.com\/portal\/wp-json\/wp\/v2\/categories?post=101200"},{"taxonomy":"post_tag","embeddable":true,"href":"https:\/\/tvc16.com\/portal\/wp-json\/wp\/v2\/tags?post=101200"}],"curies":[{"name":"wp","href":"https:\/\/api.w.org\/{rel}","templated":true}]}}