{"id":101205,"date":"2025-03-23T05:00:00","date_gmt":"2025-03-23T08:00:00","guid":{"rendered":"https:\/\/tvc16.com\/portal\/?p=101205"},"modified":"2025-03-21T17:40:35","modified_gmt":"2025-03-21T20:40:35","slug":"isencao-do-ir-82-de-posts-opinativos-nas-redes-sociais-apoiam-medida","status":"publish","type":"post","link":"https:\/\/tvc16.com\/portal\/2025\/03\/23\/isencao-do-ir-82-de-posts-opinativos-nas-redes-sociais-apoiam-medida\/","title":{"rendered":"Isen\u00e7\u00e3o do IR: 82% de posts opinativos nas redes sociais apoiam medida"},"content":{"rendered":"\n<p><strong>Quase a metade (46%) das postagens nas redes sociais sobre o&nbsp;<a href=\"http:\/\/agenciabrasil.ebc.com.br\/economia\/noticia\/2025-03\/entenda-reforma-do-imposto-de-renda-enviada-ao-congresso\">projeto de lei de isen\u00e7\u00e3o do imposto de renda<\/a>&nbsp;s\u00e3o opinativos<\/strong>, enquanto 54% s\u00e3o neutros.&nbsp;<strong>Entre os posts que manifestam opini\u00e3o, 82% s\u00e3o favor\u00e1veis e 18% s\u00e3o contra o PL.<\/strong>&nbsp;<img decoding=\"async\" src=\"https:\/\/agenciabrasil.ebc.com.br\/ebc.png?id=1635542&amp;o=node\"><img decoding=\"async\" src=\"https:\/\/agenciabrasil.ebc.com.br\/ebc.gif?id=1635542&amp;o=node\"><\/p>\n\n\n\n<p>Os dados s\u00e3o de um levantamento in\u00e9dito da&nbsp;<a href=\"https:\/\/www.nexus.fsb.com.br\/estudos-divulgados\/82-dos-posts-opinativos-nas-redes-sociais-apoiam-isencao-do-imposto-de-renda\/\">Nexus &#8211; Pesquisa e Intelig\u00eancia de Dados&nbsp;<\/a>e indicam ainda que<strong>&nbsp;os posts opinativos s\u00e3o majoritariamente de pol\u00edticos (34%)<\/strong>.&nbsp;<strong>Entre as publica\u00e7\u00f5es neutras, prevalecem as de ve\u00edculos de imprensa, com 78% destas conversas<\/strong>. O grupo \u00e9 representado por grandes ve\u00edculos, imprensa regional e portais independentes. Entre usu\u00e1rios comuns (abaixo de 1 mil seguidores), 52% s\u00e3o a favor da proposta, 23% contra e 25% neutros.<\/p>\n\n\n\n<p><strong>O Projeto de Lei em quest\u00e3o&nbsp;<a href=\"https:\/\/agenciabrasil.ebc.com.br\/politica\/noticia\/2025-03\/lula-entrega-projeto-de-isencao-de-ir-para-quem-ganha-ate-r-5-mil\">foi apresentado pelo governo federal<\/a>&nbsp;e prop\u00f5e a isen\u00e7\u00e3o do imposto de renda para quem ganha at\u00e9 R$ 5 mil,<\/strong>&nbsp;al\u00e9m de descontos na cobran\u00e7a tribut\u00e1ria at\u00e9 os R$ 7 mil. Para compensar a perda de arrecada\u00e7\u00e3o estimada em cerca de R$ 27 bilh\u00f5es, o texto estabelece tributa\u00e7\u00e3o para quem recebe mais de R$ 600 mil por ano em dividendos e n\u00e3o contribui atualmente com al\u00edquota efetiva de at\u00e9 10% para o IR.<\/p>\n\n\n\n<p>De acordo com o levantamento, de um total de 4.218 posts no X, Facebook, Instagram e YouTube, foi analisada uma amostra das 450 publica\u00e7\u00f5es mais engajadas, que acumulam 97% das intera\u00e7\u00f5es dos conte\u00fados da base total.&nbsp;<\/p>\n\n\n\n<p>Os dados foram coletados entre 00h de ter\u00e7a-feira (18) e 10h30 de quarta-feira (19). Foi analisada qualitativamente uma amostra de 450 publica\u00e7\u00f5es, que, juntas, representam 97% das intera\u00e7\u00f5es geradas por esses conte\u00fados.<\/p>\n\n\n\n<figure class=\"wp-block-image\"><img loading=\"lazy\" decoding=\"async\" width=\"754\" height=\"503\" src=\"https:\/\/tvc16.com\/portal\/wp-content\/uploads\/2025\/03\/pzzb4430.webp\" alt=\"Bras\u00edlia (DF) 18\/03\/2025 O presidente Luiz In\u00e1cio Lula da Silva, assina o Projeto de Lei que prev\u00ea Isen\u00e7\u00e3o de Imposto de Renda (IR) para pessoas que recebem at\u00e9 R$ 5 mil por m\u00eas. Presentes na cerim\u00f4nia o ministro da Fazenda,  Fernando Haddad, o vice-presidente Geraldo Alckmin, o presidente da C\u00e2mara dos Deputados, Hugo Motta, o ministro da Casa Civil, Rui Costa e a ministra de Rela\u00e7\u00f5es Institucionais, Gleisi Hoffmann , al\u00e9m  dos l\u00edderes do Governo no Congresso  Foto: Fabio Rodrigues-Pozzebom\/ Ag\u00eancia Brasil\" class=\"wp-image-101207\" title=\"Fabio Rodrigues-Pozzebom\/ Ag\u00eancia Brasil\" srcset=\"https:\/\/tvc16.com\/portal\/wp-content\/uploads\/2025\/03\/pzzb4430.webp 754w, https:\/\/tvc16.com\/portal\/wp-content\/uploads\/2025\/03\/pzzb4430-300x200.webp 300w\" sizes=\"auto, (max-width: 754px) 100vw, 754px\" \/><\/figure>\n\n\n\n<h6 class=\"wp-block-heading\">Bras\u00edlia (DF) 18\/03\/2025 O presidente Lula assina o Projeto de Lei que prev\u00ea Isen\u00e7\u00e3o de Imposto de Renda (IR) para pessoas que recebem at\u00e9 R$ 5 mil por m\u00eas. Foto:&nbsp;<strong>Fabio Rodrigues-Pozzebom\/ Ag\u00eancia Brasil<\/strong><\/h6>\n\n\n\n<h2 class=\"wp-block-heading\">Redes&nbsp;<\/h2>\n\n\n\n<p><strong>O X \u00e9 a rede que concentra o maior percentual de posts opinativos (53%), com 82% das publica\u00e7\u00f5es neste grupo favor\u00e1veis \u00e0 proposta e 18% contra.<\/strong>&nbsp;No Facebook, dos posts opinativos (39%), 87% apoiam a medida e 13% s\u00e3o contra.&nbsp;<\/p>\n\n\n\n<p><strong>A rede de maior neutralidade \u00e9 o YouTube, com 65% dos posts sem posicionamento definido.<\/strong>&nbsp;No Instagram, 21% dos posts opinativos s\u00e3o contra o projeto de lei do imposto de renda e 79% a favor.<\/p>\n\n\n\n<p>Os perfis do presidente Lula e do Portal G1 no Instagram lideraram os discursos com maior interatividade. Em uma \u00fanica publica\u00e7\u00e3o, o Lula somou mais de 252 mil curtidas e 17,8 mil coment\u00e1rios.&nbsp;<\/p>\n\n\n\n<p>No X, no Trending Topics Brasil de ter\u00e7a, a express\u00e3o \u201cImposto de Renda\u201d ficou em 17\u00ba lugar, com cerca de 22,3 mil, segundo o site GetDayTrends. Em 1\u00ba lugar, estava o nome do deputado Eduardo Bolsonaro (PL-SP), com mais de 103 mil publica\u00e7\u00f5es, seguido por Conmebol em 2\u00ba, com 81 mil posts.<\/p>\n\n\n\n<h2 class=\"wp-block-heading\">Recep\u00e7\u00e3o positiva<\/h2>\n\n\n\n<p>Segundo o CEO da Nexus, Marco Tokarski,<strong>&nbsp;o levantamento mostra uma recep\u00e7\u00e3o positiva da proposta nas redes sociais,&nbsp;<\/strong>com destaque para parlamentares da base e integrantes do governo, mas tamb\u00e9m fora do mundo pol\u00edtico, indicando que a isen\u00e7\u00e3o do imposto de renda \u00e9 um tema que alcan\u00e7a a popula\u00e7\u00e3o em geral.&nbsp;<\/p>\n\n\n\n<blockquote class=\"wp-block-quote is-layout-flow wp-block-quote-is-layout-flow\">\n<p>\u201cO baixo volume de cr\u00edticas pode estar associado \u00e0 escolha da oposi\u00e7\u00e3o n\u00e3o focar em criticar a medida. Apesar do sentimento majoritariamente favor\u00e1vel, o alcance do tema no meio digital foi limitado quando comparado a outros assuntos do dia, como o an\u00fancio feito por Eduardo Bolsonaro de que permanecer\u00e1 nos Estados Unidos\u201d, analisa.&nbsp;<\/p>\n<\/blockquote>\n\n\n\n<p>Fl\u00e1via Albuquerque &#8211; Rep\u00f3rter da Ag\u00eancia Brasil\u00a0<br>Foto: \u00a9 Jo\u00e9dson Alves\/Ag\u00eancia\u00a0Brasil<br><\/p>\n","protected":false},"excerpt":{"rendered":"<p>Quase a metade (46%) das postagens nas redes sociais sobre o&nbsp;projeto de lei de isen\u00e7\u00e3o<\/p>\n","protected":false},"author":2,"featured_media":101206,"comment_status":"open","ping_status":"open","sticky":false,"template":"","format":"standard","meta":{"footnotes":""},"categories":[17],"tags":[],"class_list":["post-101205","post","type-post","status-publish","format-standard","has-post-thumbnail","hentry","category-outras-noticias"],"_links":{"self":[{"href":"https:\/\/tvc16.com\/portal\/wp-json\/wp\/v2\/posts\/101205","targetHints":{"allow":["GET"]}}],"collection":[{"href":"https:\/\/tvc16.com\/portal\/wp-json\/wp\/v2\/posts"}],"about":[{"href":"https:\/\/tvc16.com\/portal\/wp-json\/wp\/v2\/types\/post"}],"author":[{"embeddable":true,"href":"https:\/\/tvc16.com\/portal\/wp-json\/wp\/v2\/users\/2"}],"replies":[{"embeddable":true,"href":"https:\/\/tvc16.com\/portal\/wp-json\/wp\/v2\/comments?post=101205"}],"version-history":[{"count":1,"href":"https:\/\/tvc16.com\/portal\/wp-json\/wp\/v2\/posts\/101205\/revisions"}],"predecessor-version":[{"id":101208,"href":"https:\/\/tvc16.com\/portal\/wp-json\/wp\/v2\/posts\/101205\/revisions\/101208"}],"wp:featuredmedia":[{"embeddable":true,"href":"https:\/\/tvc16.com\/portal\/wp-json\/wp\/v2\/media\/101206"}],"wp:attachment":[{"href":"https:\/\/tvc16.com\/portal\/wp-json\/wp\/v2\/media?parent=101205"}],"wp:term":[{"taxonomy":"category","embeddable":true,"href":"https:\/\/tvc16.com\/portal\/wp-json\/wp\/v2\/categories?post=101205"},{"taxonomy":"post_tag","embeddable":true,"href":"https:\/\/tvc16.com\/portal\/wp-json\/wp\/v2\/tags?post=101205"}],"curies":[{"name":"wp","href":"https:\/\/api.w.org\/{rel}","templated":true}]}}