{"id":101209,"date":"2025-03-23T05:00:00","date_gmt":"2025-03-23T08:00:00","guid":{"rendered":"https:\/\/tvc16.com\/portal\/?p=101209"},"modified":"2025-03-21T17:42:31","modified_gmt":"2025-03-21T20:42:31","slug":"servidor-da-prefeitura-de-petropolis-viaja-para-finlandia-para-curso-sobre-o-radar-meteorologico-banda-x","status":"publish","type":"post","link":"https:\/\/tvc16.com\/portal\/2025\/03\/23\/servidor-da-prefeitura-de-petropolis-viaja-para-finlandia-para-curso-sobre-o-radar-meteorologico-banda-x\/","title":{"rendered":"Servidor da Prefeitura de Petr\u00f3polis viaja para Finl\u00e2ndia para curso sobre o radar meteorol\u00f3gico banda X"},"content":{"rendered":"\n<p>Na \u00faltima sexta-feira (21), o eletrot\u00e9cnico Marcelo Sies, servidor de carreira da Prefeitura de Petr\u00f3polis, viaja para a cidade de Helsinki, capital da Finl\u00e2ndia, na Europa, para um curso de manuten\u00e7\u00e3o do radar meteorol\u00f3gico banda X da empresa finlandesa Vaisala. O equipamento foi adquirido recentemente pela Prefeitura de Petr\u00f3polis e vai ajudar na preven\u00e7\u00e3o de trag\u00e9dias socioambientais.<\/p>\n\n\n\n<p>\u201cAl\u00e9m de trazer conhecimento na opera\u00e7\u00e3o di\u00e1ria do equipamento, a viagem do Marcelo \u00e9 tamb\u00e9m um reconhecimento de um servidor que se dedica h\u00e1 mais de duas d\u00e9cadas ao servi\u00e7o p\u00fablico em Petr\u00f3polis. Tenho a certeza de que o conhecimento que ele vai trazer vai ser fundamental para que a gente esteja cada vez mais capacitado em lidar com eventos clim\u00e1ticos extremos na cidade\u201d, destacou o prefeito Hingo Hammes.<\/p>\n\n\n\n<p>O curso tem dura\u00e7\u00e3o de uma semana. Para o servidor da prefeitura \u00e9 uma oportunidade de contribuir com as a\u00e7\u00f5es de preven\u00e7\u00e3o das chuvas na cidade. \u201c\u00c9 um grande desafio, mas sempre tive essa fome por aprendizado. E eu, como sou cidad\u00e3o petropolitano, sei que estou trazendo conhecimento para ajudar a nossa cidade. Esse equipamento vai ajudar a prevenir essas trag\u00e9dias\u201d, disse Marcelo<\/p>\n\n\n\n<p>Radar Banda X<\/p>\n\n\n\n<p>O radar meteorol\u00f3gico WRS400 na Banda X, com dupla polariza\u00e7\u00e3o da Vaisala, \u00e9 uma solu\u00e7\u00e3o de monitoramento meteorol\u00f3gico, adquirida pela Prefeitura de Petr\u00f3polis. Entre as principais finalidades est\u00e3o o monitoramento hidrol\u00f3gico e composi\u00e7\u00e3o de sistemas de alerta.<\/p>\n\n\n\n<p>\u201cO radar trabalha numa \u00e1rea de at\u00e9 150km de raio, com alta sensibilidade e tem uma aplica\u00e7\u00e3o mais adequada para o monitoramento que \u00e9 feito pela Defesa Civil. Ele permite a an\u00e1lise em diversas altitudes e dist\u00e2ncias dentro do seu raio, contribuindo para as previs\u00f5es de curto prazo, auxiliando a Defesa Civil nas tomadas de a\u00e7\u00f5es e decis\u00f5es em Petr\u00f3polis\u201d, explica o secret\u00e1rio de Prote\u00e7\u00e3o e Defesa Civil, Guilherme Moraes.<\/p>\n","protected":false},"excerpt":{"rendered":"<p>Na \u00faltima sexta-feira (21), o eletrot\u00e9cnico Marcelo Sies, servidor de carreira da Prefeitura de Petr\u00f3polis,<\/p>\n","protected":false},"author":2,"featured_media":101210,"comment_status":"open","ping_status":"open","sticky":false,"template":"","format":"standard","meta":{"footnotes":""},"categories":[12],"tags":[],"class_list":["post-101209","post","type-post","status-publish","format-standard","has-post-thumbnail","hentry","category-cidade"],"_links":{"self":[{"href":"https:\/\/tvc16.com\/portal\/wp-json\/wp\/v2\/posts\/101209","targetHints":{"allow":["GET"]}}],"collection":[{"href":"https:\/\/tvc16.com\/portal\/wp-json\/wp\/v2\/posts"}],"about":[{"href":"https:\/\/tvc16.com\/portal\/wp-json\/wp\/v2\/types\/post"}],"author":[{"embeddable":true,"href":"https:\/\/tvc16.com\/portal\/wp-json\/wp\/v2\/users\/2"}],"replies":[{"embeddable":true,"href":"https:\/\/tvc16.com\/portal\/wp-json\/wp\/v2\/comments?post=101209"}],"version-history":[{"count":1,"href":"https:\/\/tvc16.com\/portal\/wp-json\/wp\/v2\/posts\/101209\/revisions"}],"predecessor-version":[{"id":101211,"href":"https:\/\/tvc16.com\/portal\/wp-json\/wp\/v2\/posts\/101209\/revisions\/101211"}],"wp:featuredmedia":[{"embeddable":true,"href":"https:\/\/tvc16.com\/portal\/wp-json\/wp\/v2\/media\/101210"}],"wp:attachment":[{"href":"https:\/\/tvc16.com\/portal\/wp-json\/wp\/v2\/media?parent=101209"}],"wp:term":[{"taxonomy":"category","embeddable":true,"href":"https:\/\/tvc16.com\/portal\/wp-json\/wp\/v2\/categories?post=101209"},{"taxonomy":"post_tag","embeddable":true,"href":"https:\/\/tvc16.com\/portal\/wp-json\/wp\/v2\/tags?post=101209"}],"curies":[{"name":"wp","href":"https:\/\/api.w.org\/{rel}","templated":true}]}}