{"id":101221,"date":"2025-03-22T11:22:56","date_gmt":"2025-03-22T14:22:56","guid":{"rendered":"https:\/\/tvc16.com\/portal\/?p=101221"},"modified":"2025-03-22T11:22:57","modified_gmt":"2025-03-22T14:22:57","slug":"oito-motos-sao-apreendidas-em-nova-operacao-praca-do-bem","status":"publish","type":"post","link":"https:\/\/tvc16.com\/portal\/2025\/03\/22\/oito-motos-sao-apreendidas-em-nova-operacao-praca-do-bem\/","title":{"rendered":"Oito motos s\u00e3o apreendidas em nova opera\u00e7\u00e3o &#8220;Pra\u00e7a do Bem"},"content":{"rendered":"\n<p>Em mais uma opera\u00e7\u00e3o &#8220;Pra\u00e7a do Bem&#8221; realizada na noite dessa sexta-feira (21\/03), oito motos foram apreendidas por irregularidades como estacionamento em local proibido. Tamb\u00e9m foram feitas fiscaliza\u00e7\u00f5es em bares e estabelecimentos comerciais para verificar o cumprimento de normas de sossego e ordem p\u00fablica e tamb\u00e9m alvar\u00e1s. <\/p>\n\n\n\n<p>A a\u00e7\u00e3o reuniu as for\u00e7as de seguran\u00e7a \u2013 Pol\u00edcia Militar, Pol\u00edcia Civil, Guarda Civil \u2013, CPTrans e Fiscaliza\u00e7\u00e3o de Posturas. O trabalho passou por locais como Rua Nelson de S\u00e1 Earp, Pra\u00e7a da Liberdade e Pra\u00e7a da \u00c1guia, no Centro; e ainda Sargento Boening, Castelanea, Quissam\u00e3 e Itamarati. <\/p>\n\n\n\n<p>&#8220;_Nosso objetivo em cada opera\u00e7\u00e3o Pra\u00e7a do Bem \u00e9 garantir a tranquilidade, a seguran\u00e7a e ordem p\u00fablica tanto para os moradores desses locais quanto para aqueles que est\u00e3o em seu momento de lazer_&#8221;, destaca o prefeito Hingo Hammes. <\/p>\n\n\n\n<p>Tamb\u00e9m nessa sexta-feira, a Guarda Civil fez um patrulhamento com o Grupamento de Opera\u00e7\u00f5es com C\u00e3es no Terminal Centro, no Bosque do Imperador e na Rua Marechal Deodoro. Com o aux\u00edlio dos c\u00e3es farejadores, foram encontradas trouxinhas de maconha, triturador e seda, c\u00e1psulas de coca\u00edna e pedra de crack. Todo material foi apreendido e levado para a 105\u00aa DP.<\/p>\n\n\n\n<p>Foto: divulga\u00e7\u00e3o<\/p>\n","protected":false},"excerpt":{"rendered":"<p>Em mais uma opera\u00e7\u00e3o &#8220;Pra\u00e7a do Bem&#8221; realizada na noite dessa sexta-feira (21\/03), oito motos<\/p>\n","protected":false},"author":2,"featured_media":101222,"comment_status":"open","ping_status":"open","sticky":false,"template":"","format":"standard","meta":{"footnotes":""},"categories":[12],"tags":[],"class_list":["post-101221","post","type-post","status-publish","format-standard","has-post-thumbnail","hentry","category-cidade"],"_links":{"self":[{"href":"https:\/\/tvc16.com\/portal\/wp-json\/wp\/v2\/posts\/101221","targetHints":{"allow":["GET"]}}],"collection":[{"href":"https:\/\/tvc16.com\/portal\/wp-json\/wp\/v2\/posts"}],"about":[{"href":"https:\/\/tvc16.com\/portal\/wp-json\/wp\/v2\/types\/post"}],"author":[{"embeddable":true,"href":"https:\/\/tvc16.com\/portal\/wp-json\/wp\/v2\/users\/2"}],"replies":[{"embeddable":true,"href":"https:\/\/tvc16.com\/portal\/wp-json\/wp\/v2\/comments?post=101221"}],"version-history":[{"count":1,"href":"https:\/\/tvc16.com\/portal\/wp-json\/wp\/v2\/posts\/101221\/revisions"}],"predecessor-version":[{"id":101223,"href":"https:\/\/tvc16.com\/portal\/wp-json\/wp\/v2\/posts\/101221\/revisions\/101223"}],"wp:featuredmedia":[{"embeddable":true,"href":"https:\/\/tvc16.com\/portal\/wp-json\/wp\/v2\/media\/101222"}],"wp:attachment":[{"href":"https:\/\/tvc16.com\/portal\/wp-json\/wp\/v2\/media?parent=101221"}],"wp:term":[{"taxonomy":"category","embeddable":true,"href":"https:\/\/tvc16.com\/portal\/wp-json\/wp\/v2\/categories?post=101221"},{"taxonomy":"post_tag","embeddable":true,"href":"https:\/\/tvc16.com\/portal\/wp-json\/wp\/v2\/tags?post=101221"}],"curies":[{"name":"wp","href":"https:\/\/api.w.org\/{rel}","templated":true}]}}