{"id":101224,"date":"2025-03-22T12:36:59","date_gmt":"2025-03-22T15:36:59","guid":{"rendered":"https:\/\/tvc16.com\/portal\/?p=101224"},"modified":"2025-03-22T12:37:00","modified_gmt":"2025-03-22T15:37:00","slug":"ex-coordenador-do-nucleo-de-integracao-social-nis-de-petropolis-e-exonerado-apos-denuncia","status":"publish","type":"post","link":"https:\/\/tvc16.com\/portal\/2025\/03\/22\/ex-coordenador-do-nucleo-de-integracao-social-nis-de-petropolis-e-exonerado-apos-denuncia\/","title":{"rendered":"Ex-coordenador do N\u00facleo de Integra\u00e7\u00e3o Social (NIS) de Petr\u00f3polis \u00e9 exonerado ap\u00f3s den\u00fancia"},"content":{"rendered":"\n<p>O ex-coordenador do N\u00facleo de Integra\u00e7\u00e3o Social (NIS) de Petr\u00f3polis, espa\u00e7o conhecido como abrig\u00e3o do Alto da Serra, que estava \u00e0 frente do local h\u00e1 tr\u00eas anos, foi exonerado do cargo, em fevereiro deste ano. A decis\u00e3o foi comunicada pela Prefeitura de Petr\u00f3polis, por meio da Secretaria de Assist\u00eancia Social. Segundo o munic\u00edpio, desde que a atual gest\u00e3o assumiu diversas averigua\u00e7\u00f5es sobre den\u00fancias de funcion\u00e1rios t\u00eam sido feitas. Al\u00e9m disso, todos os casos est\u00e3o sendo com a devida aten\u00e7\u00e3o.<\/p>\n\n\n\n<p>Em nota o munic\u00edpio afirmou ainda, que a Secretaria de Assist\u00eancia Social tomou uma s\u00e9rie de medidas, e j\u00e1 comunicou a Pol\u00edcia Civil sobre a den\u00fancia de que o ex-coordenador se apropriou de documentos de<br>assistidos pelo espa\u00e7o para fazer empr\u00e9stimos. Diante disso, a prefeitura informou que a Pol\u00edcia Civil vai abrir um inqu\u00e9rito para apurar o caso.<\/p>\n\n\n\n<p>A pr\u00f3pria Secretaria tamb\u00e9m abriu uma sindic\u00e2ncia interna, que est\u00e1 em andamento, para buscar dados e informa\u00e7\u00f5es para apurar a den\u00fancia. A decis\u00e3o de exonerar o funcion\u00e1rio foi tomada para que n\u00e3o haja qualquer tipo de influ\u00eancia na apura\u00e7\u00e3o das den\u00fancias. O NIS acolhe pessoas que se encontram em situa\u00e7\u00e3o de rua. <\/p>\n\n\n\n<p>Foto: <\/p>\n\n\n\n<p><br><\/p>\n","protected":false},"excerpt":{"rendered":"<p>O ex-coordenador do N\u00facleo de Integra\u00e7\u00e3o Social (NIS) de Petr\u00f3polis, espa\u00e7o conhecido como abrig\u00e3o do<\/p>\n","protected":false},"author":2,"featured_media":101225,"comment_status":"open","ping_status":"open","sticky":false,"template":"","format":"standard","meta":{"footnotes":""},"categories":[12],"tags":[],"class_list":["post-101224","post","type-post","status-publish","format-standard","has-post-thumbnail","hentry","category-cidade"],"_links":{"self":[{"href":"https:\/\/tvc16.com\/portal\/wp-json\/wp\/v2\/posts\/101224","targetHints":{"allow":["GET"]}}],"collection":[{"href":"https:\/\/tvc16.com\/portal\/wp-json\/wp\/v2\/posts"}],"about":[{"href":"https:\/\/tvc16.com\/portal\/wp-json\/wp\/v2\/types\/post"}],"author":[{"embeddable":true,"href":"https:\/\/tvc16.com\/portal\/wp-json\/wp\/v2\/users\/2"}],"replies":[{"embeddable":true,"href":"https:\/\/tvc16.com\/portal\/wp-json\/wp\/v2\/comments?post=101224"}],"version-history":[{"count":1,"href":"https:\/\/tvc16.com\/portal\/wp-json\/wp\/v2\/posts\/101224\/revisions"}],"predecessor-version":[{"id":101226,"href":"https:\/\/tvc16.com\/portal\/wp-json\/wp\/v2\/posts\/101224\/revisions\/101226"}],"wp:featuredmedia":[{"embeddable":true,"href":"https:\/\/tvc16.com\/portal\/wp-json\/wp\/v2\/media\/101225"}],"wp:attachment":[{"href":"https:\/\/tvc16.com\/portal\/wp-json\/wp\/v2\/media?parent=101224"}],"wp:term":[{"taxonomy":"category","embeddable":true,"href":"https:\/\/tvc16.com\/portal\/wp-json\/wp\/v2\/categories?post=101224"},{"taxonomy":"post_tag","embeddable":true,"href":"https:\/\/tvc16.com\/portal\/wp-json\/wp\/v2\/tags?post=101224"}],"curies":[{"name":"wp","href":"https:\/\/api.w.org\/{rel}","templated":true}]}}