{"id":101230,"date":"2025-03-22T13:05:29","date_gmt":"2025-03-22T16:05:29","guid":{"rendered":"https:\/\/tvc16.com\/portal\/?p=101230"},"modified":"2025-03-22T13:05:30","modified_gmt":"2025-03-22T16:05:30","slug":"2%c2%b2-edicao-do-flipetropolis-ainda-nao-possui-patrocinadores-para-realizacao-do-evento-em-2025","status":"publish","type":"post","link":"https:\/\/tvc16.com\/portal\/2025\/03\/22\/2%c2%b2-edicao-do-flipetropolis-ainda-nao-possui-patrocinadores-para-realizacao-do-evento-em-2025\/","title":{"rendered":"2\u00b2 edi\u00e7\u00e3o do Flipetr\u00f3polis ainda n\u00e3o possui patrocinadores para realiza\u00e7\u00e3o do evento em 2025"},"content":{"rendered":"\n<p>Na tarde desta sexta-feira (21), A Associa\u00e7\u00e3o Cultural Sempre um Papo, respons\u00e1vel pelo do Festival Liter\u00e1rio Internacional de Petr\u00f3polis (Flipetr\u00f3polis), publicou um informe nas redes oficiais do evento, afirmando que at\u00e9 o presente momento n\u00e3o surgiram patrocinadores nem quaisquer parceiros para viabilizar a segunda edi\u00e7\u00e3o, prevista para o per\u00edodo entre 21 e 26 de maio, no Pal\u00e1cio de Cristal.<\/p>\n\n\n\n<p>O an\u00fancio gerou como\u00e7\u00e3o nas redes sociais, devido a import\u00e2ncia do evento para a cidade e do sucesso que foi a 1\u00aa edi\u00e7\u00e3o, que reuniu mais de 37 mil visitantes. Em nota a prefeitura de Petr\u00f3polis informou que por mais que a Flipetr\u00f3polis seja um evento de natureza privada, isto \u00e9, a capta\u00e7\u00e3o de recursos e a busca por patroc\u00ednios s\u00e3o de inteira responsabilidade da empresa organizadora, a prefeitura tem ajudado na busca de recursos para que o evento aconte\u00e7a e os di\u00e1logos seguem acontecendo.<br><br>A Prefeitura disse ainda, que se disp\u00f4s a colaborar junto ao Governo do Estado do Rio de Janeiro para viabilizar apoio atrav\u00e9s da Lei de Incentivo \u00e0 Cultura e tamb\u00e9m com entidades privadas. \u201cContinua sendo do nosso interesse incentivar eventos que possam trazer visibilidade e orgulho \u00e0 nossa cidade, e estamos buscando maneiras alternativas de apoio que n\u00e3o comprometam o or\u00e7amento municipal\u201d, diz a nota.<br><br>O governo municipal informou tamb\u00e9m, que est\u00e1 ciente da import\u00e2ncia do Flipetr\u00f3polis para a cidade, especialmente no que se refere \u00e0 cultura, \u00e0 atra\u00e7\u00e3o de turistas e ao fomento ao com\u00e9rcio local. Contudo, \u00e9 preciso destacar que a Prefeitura encontrou uma situa\u00e7\u00e3o fiscal delicada ao assumir o governo, com contas p\u00fablicas em caos e sem or\u00e7amento pr\u00f3prio para financiar eventos de grande magnitude, como o Flipetr\u00f3polis, que tem custos estimados em cerca de 2,5 milh\u00f5es de reais.<\/p>\n\n\n\n<p>Foto: Divulga\u00e7\u00e3o\/Flipetr\u00f3polis<\/p>\n\n\n\n<p><a href=\"https:\/\/odia.ig.com.br\/autores\/?autor=o-dia\"><\/a><\/p>\n","protected":false},"excerpt":{"rendered":"<p>Na tarde desta sexta-feira (21), A Associa\u00e7\u00e3o Cultural Sempre um Papo, respons\u00e1vel pelo do Festival<\/p>\n","protected":false},"author":2,"featured_media":101231,"comment_status":"open","ping_status":"open","sticky":false,"template":"","format":"standard","meta":{"footnotes":""},"categories":[12],"tags":[],"class_list":["post-101230","post","type-post","status-publish","format-standard","has-post-thumbnail","hentry","category-cidade"],"_links":{"self":[{"href":"https:\/\/tvc16.com\/portal\/wp-json\/wp\/v2\/posts\/101230","targetHints":{"allow":["GET"]}}],"collection":[{"href":"https:\/\/tvc16.com\/portal\/wp-json\/wp\/v2\/posts"}],"about":[{"href":"https:\/\/tvc16.com\/portal\/wp-json\/wp\/v2\/types\/post"}],"author":[{"embeddable":true,"href":"https:\/\/tvc16.com\/portal\/wp-json\/wp\/v2\/users\/2"}],"replies":[{"embeddable":true,"href":"https:\/\/tvc16.com\/portal\/wp-json\/wp\/v2\/comments?post=101230"}],"version-history":[{"count":1,"href":"https:\/\/tvc16.com\/portal\/wp-json\/wp\/v2\/posts\/101230\/revisions"}],"predecessor-version":[{"id":101232,"href":"https:\/\/tvc16.com\/portal\/wp-json\/wp\/v2\/posts\/101230\/revisions\/101232"}],"wp:featuredmedia":[{"embeddable":true,"href":"https:\/\/tvc16.com\/portal\/wp-json\/wp\/v2\/media\/101231"}],"wp:attachment":[{"href":"https:\/\/tvc16.com\/portal\/wp-json\/wp\/v2\/media?parent=101230"}],"wp:term":[{"taxonomy":"category","embeddable":true,"href":"https:\/\/tvc16.com\/portal\/wp-json\/wp\/v2\/categories?post=101230"},{"taxonomy":"post_tag","embeddable":true,"href":"https:\/\/tvc16.com\/portal\/wp-json\/wp\/v2\/tags?post=101230"}],"curies":[{"name":"wp","href":"https:\/\/api.w.org\/{rel}","templated":true}]}}