{"id":101233,"date":"2025-03-22T14:03:29","date_gmt":"2025-03-22T17:03:29","guid":{"rendered":"https:\/\/tvc16.com\/portal\/?p=101233"},"modified":"2025-03-22T14:03:31","modified_gmt":"2025-03-22T17:03:31","slug":"moradores-se-manifestam-em-itaipava-para-pedir-mais-fiscalizacao-no-transito","status":"publish","type":"post","link":"https:\/\/tvc16.com\/portal\/2025\/03\/22\/moradores-se-manifestam-em-itaipava-para-pedir-mais-fiscalizacao-no-transito\/","title":{"rendered":"Moradores se manifestam em Itaipava para pedir mais fiscaliza\u00e7\u00e3o no tr\u00e2nsito\u00a0"},"content":{"rendered":"\n<p><div dir=\"auto\" style=\"font-family: sans-serif; font-size: large; white-space-collapse: collapse;\"><\/div>Na manh\u00e3 deste s\u00e1bado (22), moradores do distrito de Itaipava, em Petr\u00f3polis,\u00a0 realizaram uma manifesta\u00e7\u00e3o na Estrada Uni\u00e3o e Ind\u00fastria, na altura da Granja Brasil, para pedir mais seguran\u00e7a no tr\u00e2nsito da regi\u00e3o. Isso porque os constantes acidentes t\u00eam assustado quem vive no local. No in\u00edcio da semana uma violenta colis\u00e3o no trecho chamou a aten\u00e7\u00e3o. Na ocasi\u00e3o o condutor de um carro se passeio bateu contra um poste. O ve\u00edculo ficou destru\u00eddo.\u00a0<\/p>\n\n\n\n<figure class=\"wp-block-image size-full\"><img loading=\"lazy\" decoding=\"async\" width=\"860\" height=\"570\" src=\"https:\/\/tvc16.com\/portal\/wp-content\/uploads\/2025\/03\/IMG-20250322-WA0114.jpg\" alt=\"\" class=\"wp-image-101234\" srcset=\"https:\/\/tvc16.com\/portal\/wp-content\/uploads\/2025\/03\/IMG-20250322-WA0114.jpg 860w, https:\/\/tvc16.com\/portal\/wp-content\/uploads\/2025\/03\/IMG-20250322-WA0114-300x199.jpg 300w, https:\/\/tvc16.com\/portal\/wp-content\/uploads\/2025\/03\/IMG-20250322-WA0114-768x509.jpg 768w\" sizes=\"auto, (max-width: 860px) 100vw, 860px\" \/><\/figure>\n\n\n\n<p>Outro caso recente foi o atropelamento de um casal, no mesmo trecho, que j\u00e1 havia acendido o alerta sobre a necessidade de solu\u00e7\u00f5es eficazes, como refor\u00e7o na sinaliza\u00e7\u00e3o e a instala\u00e7\u00e3o de barreiras f\u00edsicas para coibir manobras perigosas.<div dir=\"auto\" style=\"font-family: sans-serif; font-size: large; white-space-collapse: collapse;\"><\/div><\/p>\n\n\n\n<p>Em nota, a Prefeitura de Petr\u00f3polis, informou atrav\u00e9s da Companhia Petropolitana de Tr\u00e2nsito e Transportes, que respeita a livre manifesta\u00e7\u00e3o dos moradores e ajudou, inclusive, na organiza\u00e7\u00e3o do tr\u00e2nsito.<div dir=\"auto\"><\/div><\/p>\n\n\n\n<p>Quanto \u00e0s medidas que ser\u00e3o adotadas no local, a Companhia informou que vai providenciar a instala\u00e7\u00e3o ainda esta semana de travessias elevadas, a melhoria da sinaliza\u00e7\u00e3o com balizadores flex\u00edveis, e a melhoria da ilumina\u00e7\u00e3o.<div dir=\"auto\"><\/div><\/p>\n\n\n\n<p>A Companhia disse tamb\u00e9m,\u00a0 que planeja ainda a instala\u00e7\u00e3o de lombadas eletr\u00f4nicas, refor\u00e7o na fiscaliza\u00e7\u00e3o e at\u00e9 mesmo a poss\u00edvel instala\u00e7\u00e3o de um radar de velocidade.<div dir=\"auto\"><\/div><\/p>\n\n\n\n<p>Vale lembrar, que na \u00faltima quarta-feira (19), a associa\u00e7\u00e3o Unidos por Itaipava (UNITA), tamb\u00e9m alertou as autoridades sobre os riscos constantes nesse e em outros pontos da rodovia, devido a falta de fiscaliza\u00e7\u00e3o, e da utiliza\u00e7\u00e3o indevida de espa\u00e7os por condutores, o que tamb\u00e9m contribui para o aumento da ocorr\u00eancia de acidentes.\u00a0<div dir=\"auto\"><\/div><\/p>\n\n\n\n<p>Setranspetro<div dir=\"auto\"><\/div><\/p>\n\n\n\n<p>O Setranspetro informou que apesar da manifesta\u00e7\u00e3o, nenhuma linha de \u00f4nibus foi prejudicada e as viagens foram realizadas normalmente.\u00a0<\/p>\n\n\n\n<p>Fotos: rede social <\/p>\n","protected":false},"excerpt":{"rendered":"<p>Na manh\u00e3 deste s\u00e1bado (22), moradores do distrito de Itaipava, em Petr\u00f3polis,\u00a0 realizaram uma manifesta\u00e7\u00e3o<\/p>\n","protected":false},"author":2,"featured_media":101235,"comment_status":"open","ping_status":"open","sticky":false,"template":"","format":"standard","meta":{"footnotes":""},"categories":[12],"tags":[],"class_list":["post-101233","post","type-post","status-publish","format-standard","has-post-thumbnail","hentry","category-cidade"],"_links":{"self":[{"href":"https:\/\/tvc16.com\/portal\/wp-json\/wp\/v2\/posts\/101233","targetHints":{"allow":["GET"]}}],"collection":[{"href":"https:\/\/tvc16.com\/portal\/wp-json\/wp\/v2\/posts"}],"about":[{"href":"https:\/\/tvc16.com\/portal\/wp-json\/wp\/v2\/types\/post"}],"author":[{"embeddable":true,"href":"https:\/\/tvc16.com\/portal\/wp-json\/wp\/v2\/users\/2"}],"replies":[{"embeddable":true,"href":"https:\/\/tvc16.com\/portal\/wp-json\/wp\/v2\/comments?post=101233"}],"version-history":[{"count":1,"href":"https:\/\/tvc16.com\/portal\/wp-json\/wp\/v2\/posts\/101233\/revisions"}],"predecessor-version":[{"id":101236,"href":"https:\/\/tvc16.com\/portal\/wp-json\/wp\/v2\/posts\/101233\/revisions\/101236"}],"wp:featuredmedia":[{"embeddable":true,"href":"https:\/\/tvc16.com\/portal\/wp-json\/wp\/v2\/media\/101235"}],"wp:attachment":[{"href":"https:\/\/tvc16.com\/portal\/wp-json\/wp\/v2\/media?parent=101233"}],"wp:term":[{"taxonomy":"category","embeddable":true,"href":"https:\/\/tvc16.com\/portal\/wp-json\/wp\/v2\/categories?post=101233"},{"taxonomy":"post_tag","embeddable":true,"href":"https:\/\/tvc16.com\/portal\/wp-json\/wp\/v2\/tags?post=101233"}],"curies":[{"name":"wp","href":"https:\/\/api.w.org\/{rel}","templated":true}]}}