{"id":10124,"date":"2021-02-04T23:34:43","date_gmt":"2021-02-05T02:34:43","guid":{"rendered":"https:\/\/tvc16.com\/portal\/?p=10124"},"modified":"2021-02-04T23:34:45","modified_gmt":"2021-02-05T02:34:45","slug":"petropolis-ja-vacinou-5-430-pessoas-ate-esta-quinta-feira-na-proxima-semana-comeca-a-aplicacao-da-segunda-dose-do-imunizante-coronavac","status":"publish","type":"post","link":"https:\/\/tvc16.com\/portal\/2021\/02\/04\/petropolis-ja-vacinou-5-430-pessoas-ate-esta-quinta-feira-na-proxima-semana-comeca-a-aplicacao-da-segunda-dose-do-imunizante-coronavac\/","title":{"rendered":"Petr\u00f3polis j\u00e1 vacinou 5.430 pessoas at\u00e9 esta quinta-feira. Na pr\u00f3xima semana come\u00e7a a aplica\u00e7\u00e3o  da segunda dose do imunizante CoronaVac"},"content":{"rendered":"\n<p>A Campanha de Vacina\u00e7\u00e3o contra a Covid-19 entra em uma nova etapa na pr\u00f3xima quarta-feira (10), quando ser\u00e1 iniciada a aplica\u00e7\u00e3o da segunda dose da vacina da CoronaVac ao p\u00fablico priorit\u00e1rio, vacinado na primeira etapa. Um ponto fixo tamb\u00e9m ser\u00e1 montado no Hospital Municipal Nelson S\u00e1 Earp (HMNSE).<\/p>\n\n\n\n<figure class=\"wp-block-image size-large\"><img loading=\"lazy\" decoding=\"async\" width=\"1024\" height=\"768\" src=\"https:\/\/tvc16.com\/portal\/wp-content\/uploads\/2021\/02\/IMG-20210204-WA0162-1024x768.jpg\" alt=\"\" class=\"wp-image-10125\" srcset=\"https:\/\/tvc16.com\/portal\/wp-content\/uploads\/2021\/02\/IMG-20210204-WA0162-1024x768.jpg 1024w, https:\/\/tvc16.com\/portal\/wp-content\/uploads\/2021\/02\/IMG-20210204-WA0162-300x225.jpg 300w, https:\/\/tvc16.com\/portal\/wp-content\/uploads\/2021\/02\/IMG-20210204-WA0162-768x576.jpg 768w, https:\/\/tvc16.com\/portal\/wp-content\/uploads\/2021\/02\/IMG-20210204-WA0162-200x150.jpg 200w, https:\/\/tvc16.com\/portal\/wp-content\/uploads\/2021\/02\/IMG-20210204-WA0162.jpg 1280w\" sizes=\"auto, (max-width: 1024px) 100vw, 1024px\" \/><\/figure>\n\n\n\n<p>Nesta quinta-feira (04), as equipes de enfermagem, sob coordena\u00e7\u00e3o do departamento de Vigil\u00e2ncia em Sa\u00fade, estiveram em onze unidades hospitalares e da aten\u00e7\u00e3o b\u00e1sica e vacinaram 347 pessoas. Ao todo, foram ministradas 5.430 doses no munic\u00edpio.<br>\u201cVamos retornar a todas as unidades visitadas na primeira etapa, seguindo a mesma sequ\u00eancia para imunizar \u2013 com a segundo dose&#8221;, disse o secret\u00e1rio de Sa\u00fade, Aloisio Barbosa.<br>Ele anunciou tamb\u00e9m que ser\u00e1 montado, a partir da pr\u00f3xima quarta-feira, um ponto fixo de vacina\u00e7\u00e3o no HMNSE. \u201cUma equipe de enfermagem ficar\u00e1 no hospital para atender trabalhadores das UBS\u2019s e PSF\u2019s que por algum motivo n\u00e3o puderam ser vacinados nas suas unidades de origem\u201d, explicou Aloisio Barbosa. Para serem vacinados no HMNSE, os trabalhadores precisam apresentar documento com foto que comprove o v\u00ednculo com a unidade.<br>Nesta quinta-feira, as equipes de enfermagem estiveram no Hospital Nossa Senhora Aparecida, Sanat\u00f3rio Oswaldo Cruz, resid\u00eancias terap\u00eauticas da Estrada da Saudade, Alberto Torres e Monsenhor Bacelar e nas unidades da aten\u00e7\u00e3o b\u00e1sica do Bonfim, Castelo S\u00e3o Manoel, Jardim Salvador, Vale do Carangola, Carangola e Retiro.<br>Agentes de endemias tamb\u00e9m foram vacinados. Entre eles, a agente Aline Carone. \u201cFico mais tranquila para trabalhar, j\u00e1 que entramos na casa das pessoas. Fiquei muito feliz em receber a vacina\u201d.<\/p>\n","protected":false},"excerpt":{"rendered":"<p>A Campanha de Vacina\u00e7\u00e3o contra a Covid-19 entra em uma nova etapa na pr\u00f3xima quarta-feira<\/p>\n","protected":false},"author":2,"featured_media":10126,"comment_status":"open","ping_status":"open","sticky":false,"template":"","format":"standard","meta":{"footnotes":""},"categories":[12],"tags":[],"class_list":["post-10124","post","type-post","status-publish","format-standard","has-post-thumbnail","hentry","category-cidade"],"_links":{"self":[{"href":"https:\/\/tvc16.com\/portal\/wp-json\/wp\/v2\/posts\/10124","targetHints":{"allow":["GET"]}}],"collection":[{"href":"https:\/\/tvc16.com\/portal\/wp-json\/wp\/v2\/posts"}],"about":[{"href":"https:\/\/tvc16.com\/portal\/wp-json\/wp\/v2\/types\/post"}],"author":[{"embeddable":true,"href":"https:\/\/tvc16.com\/portal\/wp-json\/wp\/v2\/users\/2"}],"replies":[{"embeddable":true,"href":"https:\/\/tvc16.com\/portal\/wp-json\/wp\/v2\/comments?post=10124"}],"version-history":[{"count":1,"href":"https:\/\/tvc16.com\/portal\/wp-json\/wp\/v2\/posts\/10124\/revisions"}],"predecessor-version":[{"id":10127,"href":"https:\/\/tvc16.com\/portal\/wp-json\/wp\/v2\/posts\/10124\/revisions\/10127"}],"wp:featuredmedia":[{"embeddable":true,"href":"https:\/\/tvc16.com\/portal\/wp-json\/wp\/v2\/media\/10126"}],"wp:attachment":[{"href":"https:\/\/tvc16.com\/portal\/wp-json\/wp\/v2\/media?parent=10124"}],"wp:term":[{"taxonomy":"category","embeddable":true,"href":"https:\/\/tvc16.com\/portal\/wp-json\/wp\/v2\/categories?post=10124"},{"taxonomy":"post_tag","embeddable":true,"href":"https:\/\/tvc16.com\/portal\/wp-json\/wp\/v2\/tags?post=10124"}],"curies":[{"name":"wp","href":"https:\/\/api.w.org\/{rel}","templated":true}]}}