{"id":101245,"date":"2025-03-24T08:35:41","date_gmt":"2025-03-24T11:35:41","guid":{"rendered":"https:\/\/tvc16.com\/portal\/?p=101245"},"modified":"2025-03-24T08:35:43","modified_gmt":"2025-03-24T11:35:43","slug":"mais-de-40-milhoes-simulam-consignado-para-clt-ate-este-domingo","status":"publish","type":"post","link":"https:\/\/tvc16.com\/portal\/2025\/03\/24\/mais-de-40-milhoes-simulam-consignado-para-clt-ate-este-domingo\/","title":{"rendered":"Mais de 40 milh\u00f5es simulam consignado para CLT at\u00e9 este domingo"},"content":{"rendered":"\n<p><em>Foram mais de 4,5 milh\u00f5es de propostas e 11 mil contratos firmados<\/em><\/p>\n\n\n\n<p>Por Ag\u00eancia Brasil \/ Foto: Marcello Casal Jr\/Ag\u00eancia Brasil\/Arquivo<\/p>\n\n\n\n<p><\/p>\n\n\n\n<p>Mais de 40 milh\u00f5es de trabalhadores fizeram a simula\u00e7\u00e3o do novo cr\u00e9dito consignado para empregados da iniciativa privada,&nbsp;de sexta-feira (21) at\u00e9 as 18h deste domingo (23),&nbsp;informou o Minist\u00e9rio do Trabalho&nbsp;e Emprego.&nbsp;Ao todo, as simula\u00e7\u00f5es somaram 40.180.384.&nbsp;Com o potencial de oferecer cr\u00e9dito menos caro a at\u00e9 47 milh\u00f5es de pessoas, a nova modalidade entrou em vigor na \u00faltima&nbsp;sexta-feira.<img decoding=\"async\" src=\"https:\/\/agenciabrasil.ebc.com.br\/ebc.png?id=1635689&amp;o=node\"><img decoding=\"async\" src=\"https:\/\/agenciabrasil.ebc.com.br\/ebc.gif?id=1635689&amp;o=node\"><\/p>\n\n\n\n<p>Foram apresentadas nesse per\u00edodo&nbsp;<strong>4.501.280 propostas, e&nbsp;11.032 contratos foram fechados,&nbsp;por meio do aplicativo da Carteira de Trabalho Digital<\/strong>.<\/p>\n\n\n\n<p><strong><a href=\"https:\/\/agenciabrasil.ebc.com.br\/economia\/noticia\/2025-03\/tire-duvidas-sobre-consignado-para-clt-que-entra-em-vigor-nesta-sexta\" target=\"_blank\" rel=\"noreferrer noopener\">&gt;&gt; Tire suas&nbsp;d\u00favidas sobre o consignado para CLT<\/a><\/strong><\/p>\n\n\n\n<p>Criado por medida provis\u00f3ria no dia 12, o&nbsp;<a href=\"https:\/\/agenciabrasil.ebc.com.br\/politica\/noticia\/2025-03\/lula-autoriza-uso-do-esocial-para-ofertar-consignado-empregados-clt\" target=\"_blank\" rel=\"noreferrer noopener\">Programa Cr\u00e9dito do Trabalhador na Carteira Digital de Trabalho<\/a>&nbsp;abrange empregados da iniciativa privada com carteira assinada, incluindo empregados dom\u00e9sticos, trabalhadores rurais e contratados por microempreendedores individuais (MEI).&nbsp;<\/p>\n\n\n\n<p>A nova modalidade permite que o trabalhador autorize o compartilhamento de dados do eSocial, sistema eletr\u00f4nico que unifica informa\u00e7\u00f5es trabalhistas, para contratar cr\u00e9dito com desconto em folha.<\/p>\n\n\n\n<p>Com o novo programa,&nbsp;mais de 80 bancos e institui\u00e7\u00f5es financeiras poder\u00e3o ter acesso ao perfil de trabalhadores com carteira assinada por meio do eSocial.&nbsp;A partir de 25 de abril, todos os bancos poder\u00e3o ofertar o cr\u00e9dito em suas plataformas digitais.<br><\/p>\n","protected":false},"excerpt":{"rendered":"<p>Foram mais de 4,5 milh\u00f5es de propostas e 11 mil contratos firmados Por Ag\u00eancia Brasil<\/p>\n","protected":false},"author":2,"featured_media":101246,"comment_status":"open","ping_status":"open","sticky":false,"template":"","format":"standard","meta":{"footnotes":""},"categories":[17],"tags":[],"class_list":["post-101245","post","type-post","status-publish","format-standard","has-post-thumbnail","hentry","category-outras-noticias"],"_links":{"self":[{"href":"https:\/\/tvc16.com\/portal\/wp-json\/wp\/v2\/posts\/101245","targetHints":{"allow":["GET"]}}],"collection":[{"href":"https:\/\/tvc16.com\/portal\/wp-json\/wp\/v2\/posts"}],"about":[{"href":"https:\/\/tvc16.com\/portal\/wp-json\/wp\/v2\/types\/post"}],"author":[{"embeddable":true,"href":"https:\/\/tvc16.com\/portal\/wp-json\/wp\/v2\/users\/2"}],"replies":[{"embeddable":true,"href":"https:\/\/tvc16.com\/portal\/wp-json\/wp\/v2\/comments?post=101245"}],"version-history":[{"count":1,"href":"https:\/\/tvc16.com\/portal\/wp-json\/wp\/v2\/posts\/101245\/revisions"}],"predecessor-version":[{"id":101247,"href":"https:\/\/tvc16.com\/portal\/wp-json\/wp\/v2\/posts\/101245\/revisions\/101247"}],"wp:featuredmedia":[{"embeddable":true,"href":"https:\/\/tvc16.com\/portal\/wp-json\/wp\/v2\/media\/101246"}],"wp:attachment":[{"href":"https:\/\/tvc16.com\/portal\/wp-json\/wp\/v2\/media?parent=101245"}],"wp:term":[{"taxonomy":"category","embeddable":true,"href":"https:\/\/tvc16.com\/portal\/wp-json\/wp\/v2\/categories?post=101245"},{"taxonomy":"post_tag","embeddable":true,"href":"https:\/\/tvc16.com\/portal\/wp-json\/wp\/v2\/tags?post=101245"}],"curies":[{"name":"wp","href":"https:\/\/api.w.org\/{rel}","templated":true}]}}