{"id":101248,"date":"2025-03-24T08:37:03","date_gmt":"2025-03-24T11:37:03","guid":{"rendered":"https:\/\/tvc16.com\/portal\/?p=101248"},"modified":"2025-03-24T08:37:05","modified_gmt":"2025-03-24T11:37:05","slug":"com-22-da-matriz-eletrica-energia-solar-e-a-2a-maior-fonte-do-pais","status":"publish","type":"post","link":"https:\/\/tvc16.com\/portal\/2025\/03\/24\/com-22-da-matriz-eletrica-energia-solar-e-a-2a-maior-fonte-do-pais\/","title":{"rendered":"Com 22% da matriz el\u00e9trica, energia solar \u00e9 a 2\u00aa maior fonte do pa\u00eds"},"content":{"rendered":"\n<p><em>Total de 5 milh\u00f5es de im\u00f3veis geram eletricidade fotovoltaica pr\u00f3pria<\/em><\/p>\n\n\n\n<p>Por Wellton M\u00e1ximo \u2013 Rep\u00f3rter da Ag\u00eancia Brasil \/ Foto: Soninha Vill\/GIZ<\/p>\n\n\n\n<p><\/p>\n\n\n\n<p><strong>A gera\u00e7\u00e3o de energia solar superou a marca de 55 gigawatts (GW) de pot\u00eancia instalada operacional no Brasil. Desse total, 1,6 GW foi adicionado ao sistema neste ano, segundo balan\u00e7o divulgado pela Associa\u00e7\u00e3o Brasileira de Energia Solar Fotovoltaica (Absolar).<\/strong><img decoding=\"async\" src=\"https:\/\/agenciabrasil.ebc.com.br\/ebc.png?id=1635561&amp;o=node\"><img decoding=\"async\" src=\"https:\/\/agenciabrasil.ebc.com.br\/ebc.gif?id=1635561&amp;o=node\"><\/p>\n\n\n\n<blockquote class=\"wp-block-quote is-layout-flow wp-block-quote-is-layout-flow\">\n<p>A maior parte da gera\u00e7\u00e3o de energia solar, 37,6 GW, vem de pot\u00eancia instalada na gera\u00e7\u00e3o pr\u00f3pria, nos telhados ou em quintais de cinco milh\u00f5es de im\u00f3veis em todo o pa\u00eds. O restante, cerca de 17,6 GW, vem das grandes usinas solares conectadas ao Sistema Interligado Nacional (SIN).<\/p>\n<\/blockquote>\n\n\n\n<p><strong>Segundo a Absolar, a fonte solar evitou a emiss\u00e3o de cerca de 66,6 milh\u00f5es de toneladas de g\u00e1s carb\u00f4nico (CO\u00b2) na gera\u00e7\u00e3o de eletricidade. A tecnologia representa atualmente a segunda maior fonte de energia do pa\u00eds, correspondendo a 22,2% de toda a capacidade instalada da matriz el\u00e9trica.<\/strong><\/p>\n\n\n\n<p>Apenas de janeiro a mar\u00e7o, os consumidores instalaram mais de 147 mil sistemas solares, que passaram a abastecer cerca de 228,7 mil im\u00f3veis. Desde 2012, ressalta a Absolar, o setor fotovoltaico trouxe ao Brasil mais de R$ 251,1 bilh\u00f5es em novos investimentos, criou mais de 1,6 milh\u00e3o de empregos verdes e contribuiu com mais de R$ 78 bilh\u00f5es em arrecada\u00e7\u00e3o aos cofres p\u00fablicos.<\/p>\n\n\n\n<p><strong><a href=\"https:\/\/agenciabrasil.ebc.com.br\/economia\/noticia\/2022-01\/agencia-brasil-explica-vantagens-da-energia-solar-nas-residencias\" target=\"_blank\" rel=\"noreferrer noopener\">&gt;&gt; Ag\u00eancia Brasil explica vantagens da energia solar nas resid\u00eancias<\/a><\/strong><\/p>\n\n\n\n<h2 class=\"wp-block-heading\">Estados<\/h2>\n\n\n\n<p>De acordo com a Absolar, a gera\u00e7\u00e3o pr\u00f3pria solar est\u00e1 presente em mais 5,5 mil munic\u00edpios e em todos os estados brasileiros. As grandes usinas fotovoltaicas centralizadas tamb\u00e9m operam em todos os estados do pa\u00eds.<\/p>\n\n\n\n<p><strong>Entre as unidades consumidoras abastecidas pela gera\u00e7\u00e3o de energia solar pr\u00f3pria, as resid\u00eancias lideram, com 69,2% do total de im\u00f3veis, seguidas pelos com\u00e9rcios (18,4%) e pelas propriedades rurais (9,9%). Nos estados, Minas Gerais aparece em primeiro, com mais de 900 mil im\u00f3veis com gera\u00e7\u00e3o solar pr\u00f3pria. Em seguida, v\u00eam S\u00e3o Paulo, com 756 mil, e Rio Grande do Sul, com 468 mil.<\/strong><\/p>\n\n\n\n<h2 class=\"wp-block-heading\">Desafios<\/h2>\n\n\n\n<p>Apesar da expans\u00e3o da energia solar no pa\u00eds, a Absolar manifesta preocupa\u00e7\u00f5es. Conforme a entidade, o crescimento poderia ser ainda maior, n\u00e3o fossem os cancelamentos de projetos pelas distribuidoras e a falta de ressarcimento aos empreendedores pelos cortes de gera\u00e7\u00e3o renov\u00e1vel.<\/p>\n\n\n\n<p><strong>Outro problema s\u00e3o os entraves \u00e0 conex\u00e3o de pequenos sistemas de gera\u00e7\u00e3o pr\u00f3pria solar, sob a alega\u00e7\u00e3o de invers\u00e3o de fluxo de pot\u00eancia, sem os devidos estudos t\u00e9cnicos que comprovem eventuais sobrecargas na rede.<\/strong>&nbsp;A Absolar pede a aprova\u00e7\u00e3o do projeto de lei que institui o&nbsp;<a href=\"https:\/\/www.planalto.gov.br\/ccivil_03\/_ato2019-2022\/2022\/lei\/l14300.htm\" target=\"_blank\" rel=\"noreferrer noopener\">Programa Renda B\u00e1sica Energ\u00e9tica (Rebe) e atualiza a Lei 14.300\/2022<\/a>, que Instituiu o marco legal da microgera\u00e7\u00e3o e minigera\u00e7\u00e3o distribu\u00edda.<\/p>\n\n\n\n<p>No caso das grandes usinas solares, a aus\u00eancia de ressarcimento pelas regras da Ag\u00eancia Nacional de Energia El\u00e9trica (Aneel) para os cortes de gera\u00e7\u00e3o traz inseguran\u00e7a jur\u00eddica e maior percep\u00e7\u00e3o de risco.<br><\/p>\n","protected":false},"excerpt":{"rendered":"<p>Total de 5 milh\u00f5es de im\u00f3veis geram eletricidade fotovoltaica pr\u00f3pria Por Wellton M\u00e1ximo \u2013 Rep\u00f3rter<\/p>\n","protected":false},"author":2,"featured_media":101249,"comment_status":"open","ping_status":"open","sticky":false,"template":"","format":"standard","meta":{"footnotes":""},"categories":[17],"tags":[],"class_list":["post-101248","post","type-post","status-publish","format-standard","has-post-thumbnail","hentry","category-outras-noticias"],"_links":{"self":[{"href":"https:\/\/tvc16.com\/portal\/wp-json\/wp\/v2\/posts\/101248","targetHints":{"allow":["GET"]}}],"collection":[{"href":"https:\/\/tvc16.com\/portal\/wp-json\/wp\/v2\/posts"}],"about":[{"href":"https:\/\/tvc16.com\/portal\/wp-json\/wp\/v2\/types\/post"}],"author":[{"embeddable":true,"href":"https:\/\/tvc16.com\/portal\/wp-json\/wp\/v2\/users\/2"}],"replies":[{"embeddable":true,"href":"https:\/\/tvc16.com\/portal\/wp-json\/wp\/v2\/comments?post=101248"}],"version-history":[{"count":1,"href":"https:\/\/tvc16.com\/portal\/wp-json\/wp\/v2\/posts\/101248\/revisions"}],"predecessor-version":[{"id":101250,"href":"https:\/\/tvc16.com\/portal\/wp-json\/wp\/v2\/posts\/101248\/revisions\/101250"}],"wp:featuredmedia":[{"embeddable":true,"href":"https:\/\/tvc16.com\/portal\/wp-json\/wp\/v2\/media\/101249"}],"wp:attachment":[{"href":"https:\/\/tvc16.com\/portal\/wp-json\/wp\/v2\/media?parent=101248"}],"wp:term":[{"taxonomy":"category","embeddable":true,"href":"https:\/\/tvc16.com\/portal\/wp-json\/wp\/v2\/categories?post=101248"},{"taxonomy":"post_tag","embeddable":true,"href":"https:\/\/tvc16.com\/portal\/wp-json\/wp\/v2\/tags?post=101248"}],"curies":[{"name":"wp","href":"https:\/\/api.w.org\/{rel}","templated":true}]}}