{"id":101257,"date":"2025-03-24T08:58:11","date_gmt":"2025-03-24T11:58:11","guid":{"rendered":"https:\/\/tvc16.com\/portal\/?p=101257"},"modified":"2025-03-24T08:58:16","modified_gmt":"2025-03-24T11:58:16","slug":"caminhadown-reune-cerca-de-300-pessoas-no-palacio-de-cristal","status":"publish","type":"post","link":"https:\/\/tvc16.com\/portal\/2025\/03\/24\/caminhadown-reune-cerca-de-300-pessoas-no-palacio-de-cristal\/","title":{"rendered":"\u201cCaminhadown\u201d re\u00fane cerca de 300 pessoas no Pal\u00e1cio de Cristal"},"content":{"rendered":"\n<p><em>Evento, que faz parte do calend\u00e1rio esportivo da cidade, foi retomado pela Prefeitura de Petr\u00f3polis depois de cinco anos<\/em><\/p>\n\n\n\n<p>A Prefeitura de Petr\u00f3polis, atrav\u00e9s da Secretaria da Pessoa com Defici\u00eancia, realizou neste domingo (23) o \u201cCaminhadown\u201d, uma caminhada que tem como objetivo estimular a inclus\u00e3o de pessoas com S\u00edndrome de Down em atividades de esporte e lazer. O evento faz parte do calend\u00e1rio de esporte do munic\u00edpio desde 2019, atrav\u00e9s da Lei n.\u00ba 7859 de autoria do prefeito Hingo Hammes, quando ainda era vereador.<\/p>\n\n\n\n<p>\u201cA caminhada foi criada por pais de pessoas com S\u00edndrome de Down e em 2019 eu tive a iniciativa de colocar no calend\u00e1rio oficial da cidade atrav\u00e9s de uma lei. Infelizmente ela n\u00e3o foi realizada nos \u00faltimos cinco anos e agora n\u00f3s conseguimos retomar esse evento que garante a inclus\u00e3o desse p\u00fablico nas atividades esportivas\u201d explicou o prefeito de Petr\u00f3polis, Hingo Hammes.<\/p>\n\n\n\n<p>A caminhada reuniu no Pal\u00e1cio de Cristal cerca de 300 pessoas que percorreram as Ruas Alfredo Pach\u00e1 e Padre Siqueira, dando a volta pelo ponto tur\u00edstico num percurso com aproximadamente 300 metros.<\/p>\n\n\n\n<p>\u201cA gente promove esse evento pelo Dia Internacional da Pessoa com S\u00edndrome de Down, comemorado no dia 21 de mar\u00e7o, e a caminhada \u00e9 para conscientizar a popula\u00e7\u00e3o sobre a import\u00e2ncia da inclus\u00e3o\u201d, comentou o Secret\u00e1rio da Pessoa com Defici\u00eancia, Leandro Kronemberger.<\/p>\n\n\n\n<p>Para garantir a seguran\u00e7a, agentes da Companhia Petropolitana de Tr\u00e2nsito e Transportes e da Guarda Civil Municipal coordenaram o fechamento do tr\u00e2nsito. A Secretaria Municipal de Sa\u00fade disponibilizou ainda uma ambul\u00e2ncia para permanecer no local durante a caminhada. O evento contou com a participa\u00e7\u00e3o de integrantes dos Projetos Andorinhas, Incluir, Apae e Gigi.<\/p>\n\n\n\n<p>Pal\u00e1cio de Cristal tamb\u00e9m recebeu a Corrida da Mulher<\/p>\n\n\n\n<p>As mulheres de Petr\u00f3polis tamb\u00e9m se reuniram na manh\u00e3 deste domingo para a sexta edi\u00e7\u00e3o da Corrida da Mulher. Foram inscritas no evento 385 mulheres que percorreram 5 km. A largada foi na Rua Alfredo Pach\u00e1, em frente ao Pal\u00e1cio de cristal, e elas passaram pela Rua Padre Siqueira e Avenida Bar\u00e3o do Rio Branco, retornando em frente ao F\u00f3rum para voltar ao ponto tur\u00edstico.<\/p>\n\n\n\n<p>A primeira colocada foi Let\u00edcia Jochem Ribeiro que completou o percurso em 19 minutos e 59 segundos. \u201cEu acho incr\u00edvel um evento desse s\u00f3 com mulheres, muitas est\u00e3o come\u00e7ando hoje. Eu posso dizer que a corrida mudou a minha vida e pode mudar a de outras mulheres tamb\u00e9m, comentou Let\u00edcia.<\/p>\n\n\n\n<p>A Corrida da Mulher contou com o apoio da Prefeitura de Petr\u00f3polis na sinaliza\u00e7\u00e3o e organiza\u00e7\u00e3o do tr\u00e2nsito e no apoio m\u00e9dico. \u201cEsse evento, al\u00e9m de ter toda a valoriza\u00e7\u00e3o da luta pelo Dia Internacional da Mulher, tamb\u00e9m tem essa valoriza\u00e7\u00e3o da mulher no mundo da corrida\u201d comentou o organizador Alexandre Ger\u00f4nimo.<\/p>\n","protected":false},"excerpt":{"rendered":"<p>Evento, que faz parte do calend\u00e1rio esportivo da cidade, foi retomado pela Prefeitura de Petr\u00f3polis<\/p>\n","protected":false},"author":2,"featured_media":101258,"comment_status":"open","ping_status":"open","sticky":false,"template":"","format":"standard","meta":{"footnotes":""},"categories":[12],"tags":[],"class_list":["post-101257","post","type-post","status-publish","format-standard","has-post-thumbnail","hentry","category-cidade"],"_links":{"self":[{"href":"https:\/\/tvc16.com\/portal\/wp-json\/wp\/v2\/posts\/101257","targetHints":{"allow":["GET"]}}],"collection":[{"href":"https:\/\/tvc16.com\/portal\/wp-json\/wp\/v2\/posts"}],"about":[{"href":"https:\/\/tvc16.com\/portal\/wp-json\/wp\/v2\/types\/post"}],"author":[{"embeddable":true,"href":"https:\/\/tvc16.com\/portal\/wp-json\/wp\/v2\/users\/2"}],"replies":[{"embeddable":true,"href":"https:\/\/tvc16.com\/portal\/wp-json\/wp\/v2\/comments?post=101257"}],"version-history":[{"count":1,"href":"https:\/\/tvc16.com\/portal\/wp-json\/wp\/v2\/posts\/101257\/revisions"}],"predecessor-version":[{"id":101259,"href":"https:\/\/tvc16.com\/portal\/wp-json\/wp\/v2\/posts\/101257\/revisions\/101259"}],"wp:featuredmedia":[{"embeddable":true,"href":"https:\/\/tvc16.com\/portal\/wp-json\/wp\/v2\/media\/101258"}],"wp:attachment":[{"href":"https:\/\/tvc16.com\/portal\/wp-json\/wp\/v2\/media?parent=101257"}],"wp:term":[{"taxonomy":"category","embeddable":true,"href":"https:\/\/tvc16.com\/portal\/wp-json\/wp\/v2\/categories?post=101257"},{"taxonomy":"post_tag","embeddable":true,"href":"https:\/\/tvc16.com\/portal\/wp-json\/wp\/v2\/tags?post=101257"}],"curies":[{"name":"wp","href":"https:\/\/api.w.org\/{rel}","templated":true}]}}