{"id":101260,"date":"2025-03-24T11:05:31","date_gmt":"2025-03-24T14:05:31","guid":{"rendered":"https:\/\/tvc16.com\/portal\/?p=101260"},"modified":"2025-03-24T11:05:34","modified_gmt":"2025-03-24T14:05:34","slug":"petropolis-debate-seguranca-publica-com-foco-em-qualidade-de-vida-e-desenvolvimento","status":"publish","type":"post","link":"https:\/\/tvc16.com\/portal\/2025\/03\/24\/petropolis-debate-seguranca-publica-com-foco-em-qualidade-de-vida-e-desenvolvimento\/","title":{"rendered":"Petr\u00f3polis debate seguran\u00e7a p\u00fablica com foco em qualidade de vida e desenvolvimento"},"content":{"rendered":"\n<p><em>Eduardo Pazuello apresenta reformas no C\u00f3digo Penal, integra\u00e7\u00e3o e tecnologia como aliados na seguran\u00e7a<\/em><\/p>\n\n\n\n<p>Para uma plateia formada pelos comandos das for\u00e7as de seguran\u00e7a, empres\u00e1rios e representantes da sociedade civil, o deputado federal gereral Eduardo Pazuello apresentou, na manh\u00e3 desta sexta-feira (21), em Petr\u00f3polis, a colet\u00e2nea de propostas focadas em revis\u00e3o do c\u00f3digo penal e outras medidas elencadas pelo Grupo de Estudos de Seguran\u00e7a P\u00fablica (GESP) para aprimorar a seguran\u00e7a p\u00fablica.&nbsp; O encontro, realizado na Locanda Centro Hist\u00f3rico, reuniu mais de 80 pessoas, evento idealizado pela C\u00e2mara de Dirigentes Lojistas de Petr\u00f3polis (CDL) e Ag\u00eancia de Desenvolvimento do MercoSerra.<\/p>\n\n\n\n<p>Pazuello foi saudado pelo presidente do MercoSerra, Luiz Fernando Gomes, que abriu o f\u00f3rum destacando a import\u00e2ncia da seguran\u00e7a para a qualidade de vida do cidad\u00e3o e como principal diferencial para o desenvolvimento econ\u00f4mico. \u201cO turismo \u00e9 a principal ind\u00fastria do pa\u00eds e que depende de lei e ordem para crescer\u201d, pontuou. Cl\u00e1udio Mohammad, presidente da CDL Petr\u00f3polis, destacou o t\u00edtulo de cidade mais segura do Estado, agradecendo o trabalho da pol\u00edcia, civil e militar, guarda civil, Seguran\u00e7a Presente e todos os envolvidos com o tema \u201cum trabalho cont\u00ednuo, que sentimos no dia a dia, podendo desfrutar da nossa cidade e receber visitantes da mesma forma\u201d, destacou.<\/p>\n\n\n\n<p>O evento teve a presen\u00e7a do vice-prefeito Baninho, que frisou a import\u00e2ncia da discuss\u00e3o: \u201cnossa cidade \u00e9 refer\u00eancia em seguran\u00e7a p\u00fablica e encontros como esse fortalecem ainda mais o debate e a busca por estrat\u00e9gias eficazes para a manuten\u00e7\u00e3o da ordem e da tranquilidade para nossa popula\u00e7\u00e3o\u201d. O secret\u00e1rio municipal de Seguran\u00e7a, Servi\u00e7os e Ordem P\u00fablica, Marcelo Chit\u00e3o, vai mais al\u00e9m: \u201cn\u00e3o podemos nos encontrar ou nos manter em uma zona de conforto\u201d, disse em refer\u00eancia a Petr\u00f3polis figurar no ranking como mais segura, destacando que \u201co poder p\u00fablico municipal precisa ser um parceiro de primeira hora das for\u00e7as de seguran\u00e7a para avan\u00e7ar sempre mais\u201d.&nbsp;<\/p>\n\n\n\n<p>A integra\u00e7\u00e3o das for\u00e7as de seguran\u00e7a, com apoio da sociedade e mudan\u00e7as na legisla\u00e7\u00e3o s\u00e3o, para o Eduardo Pazuello, o caminho certo para combater a criminalidade. \u201cA\u00e7\u00e3o policial, leis e mudan\u00e7as no sistema prisional s\u00e3o a base. As demais a\u00e7\u00f5es vem naturalmente se esse trip\u00e9 estiver atendido\u201d, defendeu na abertura da palestra que demonstrou a viol\u00eancia sobretudo nas grandes capitais e a necessidade de atualiza\u00e7\u00e3o do C\u00f3digo Penal. &nbsp;&nbsp;<\/p>\n\n\n\n<p>Pazuello, que \u00e9 membro da Comiss\u00e3o de Seguran\u00e7a P\u00fablica e Combate ao Crime Organizado da C\u00e2mara dos Deputados, apresentou projetos de lei com o objetivo de endurecer a legisla\u00e7\u00e3o contra a criminalidade. Os projetos foram desenvolvidos pelo GESP, que \u00e9 composto por membros das tr\u00eas esferas das comiss\u00f5es de seguran\u00e7a p\u00fablica, representantes do Tribunal de Justi\u00e7a do Estado do Rio de Janeiro (TJ\/RJ), integrantes do Minist\u00e9rio P\u00fablico o Estado do RIO (MPRJ) e advogados especializados. Norteou o trabalho do GESP, o &nbsp;aprimoramento da legisla\u00e7\u00e3o penal e processo penal. \u201cA meta \u00e9 fechar brechas que facilitam que o criminoso em vez de ser punido e responder pelo que fez, obtenha liberdade indevidamente\u201d, aponta o deputado federal.<\/p>\n\n\n\n<p>Entre as propostas destacadas, est\u00e1 a exig\u00eancia de crit\u00e9rios mais rigorosos para a redu\u00e7\u00e3o de penas de condenados por tr\u00e1fico de drogas, buscando evitar que integrantes de fac\u00e7\u00f5es criminosas recebam puni\u00e7\u00f5es leves, como penas restritivas de direitos. \u201cRespons\u00e1veis por delitos graves n\u00e3o podem receber san\u00e7\u00f5es brandas\u201d, salienta o deputado federal.<\/p>\n\n\n\n<p>Pazuello trouxe ainda um detalhamento de como a tecnologia pode ser uma aliada \u00edmpar na seguran\u00e7a p\u00fablica. A experi\u00eancia bem sucedida do uso de c\u00e2meras com reconhecimento facial aplicada em S\u00e3o Paulo foi demonstrada aos presentes. \u201c\u00c9 um recurso que aumenta a efic\u00e1cia das opera\u00e7\u00f5es policiais, auxiliando na identifica\u00e7\u00e3o de suspeitos e na preven\u00e7\u00e3o de crimes. Mas, \u00e9 necess\u00e1rio que a legisla\u00e7\u00e3o avance e a pol\u00edcia n\u00e3o enxugue gelo prendendo para depois criminosos serem soltos\u201d, afirma.<\/p>\n\n\n\n<p>O deputado federal atualizou \u00e0 plateia o andamento dos 25 projetos desenvolvidos pelo GESP e que s\u00e3o divididos entre \u00e2mbitos federal (16 propostas), estadual (sete) e municipal (dois), todos voltados para tornar mais r\u00e1pida e eficiente a resposta do Estado \u00e0s infra\u00e7\u00f5es penais. \u201cEstou percorrendo o Estado apresentando as propostas e convido a todos para acompanharem a evolu\u00e7\u00e3o dos projetos at\u00e9 que se tornem realidade e que possamos na sequ\u00eancia propor mais avan\u00e7os\u201d, frisou Eduardo Pazuello.<\/p>\n\n\n\n<p>Estiveram presentes o coronel Marcello Guimar\u00e3es, comandante do 26\u00b0 Batalh\u00e3o da Pol\u00edcia Militar de Petr\u00f3polis; delegado Pedro Medina, diretor geral da Policia Civil do interior do Estado do Rio; Robson da Costa Ferreira, controlador-geral da Pol\u00edcia Civil e delegado Ney Loureiro, titular da 105\u00aaDP. O promotor Eduardo Paes, do Minist\u00e9rio P\u00fablico do Estado do Rio de Janeiro, integrante do GESP, tamb\u00e9m esteve presente e participando da apresenta\u00e7\u00e3o. Tamb\u00e9m prestigiaram o evento&nbsp; Jhonny Klemperer e Marcelo Carius, representado o SerraTEC; Guilherme Lacombe, presidente do Conselho Comunit\u00e1rio de Seguran\u00e7a; Alexandre Plantz, presidente da Associa\u00e7\u00e3o Unidos por Itaipava; Guido Varella e Fabr\u00edcio Santos, representantes do Petr\u00f3polis Convention &amp; Visitors Bureau; Cleveland Jones, presidente do Instituto Philippe Gu\u00e9don; Vera Pereira, presidente da Associa\u00e7\u00e3o Filantr\u00f3pica de Petr\u00f3polis e Chen Li Cheng, presidente do projeto InCluir. Pela prefeitura estiveram presentes ainda o secret\u00e1rio de Turismo Pablo Kling e a presidente da Comdep, Fernanda Ferreira.<\/p>\n","protected":false},"excerpt":{"rendered":"<p>Eduardo Pazuello apresenta reformas no C\u00f3digo Penal, integra\u00e7\u00e3o e tecnologia como aliados na seguran\u00e7a Para<\/p>\n","protected":false},"author":2,"featured_media":101261,"comment_status":"open","ping_status":"open","sticky":false,"template":"","format":"standard","meta":{"footnotes":""},"categories":[12],"tags":[],"class_list":["post-101260","post","type-post","status-publish","format-standard","has-post-thumbnail","hentry","category-cidade"],"_links":{"self":[{"href":"https:\/\/tvc16.com\/portal\/wp-json\/wp\/v2\/posts\/101260","targetHints":{"allow":["GET"]}}],"collection":[{"href":"https:\/\/tvc16.com\/portal\/wp-json\/wp\/v2\/posts"}],"about":[{"href":"https:\/\/tvc16.com\/portal\/wp-json\/wp\/v2\/types\/post"}],"author":[{"embeddable":true,"href":"https:\/\/tvc16.com\/portal\/wp-json\/wp\/v2\/users\/2"}],"replies":[{"embeddable":true,"href":"https:\/\/tvc16.com\/portal\/wp-json\/wp\/v2\/comments?post=101260"}],"version-history":[{"count":1,"href":"https:\/\/tvc16.com\/portal\/wp-json\/wp\/v2\/posts\/101260\/revisions"}],"predecessor-version":[{"id":101262,"href":"https:\/\/tvc16.com\/portal\/wp-json\/wp\/v2\/posts\/101260\/revisions\/101262"}],"wp:featuredmedia":[{"embeddable":true,"href":"https:\/\/tvc16.com\/portal\/wp-json\/wp\/v2\/media\/101261"}],"wp:attachment":[{"href":"https:\/\/tvc16.com\/portal\/wp-json\/wp\/v2\/media?parent=101260"}],"wp:term":[{"taxonomy":"category","embeddable":true,"href":"https:\/\/tvc16.com\/portal\/wp-json\/wp\/v2\/categories?post=101260"},{"taxonomy":"post_tag","embeddable":true,"href":"https:\/\/tvc16.com\/portal\/wp-json\/wp\/v2\/tags?post=101260"}],"curies":[{"name":"wp","href":"https:\/\/api.w.org\/{rel}","templated":true}]}}