{"id":101263,"date":"2025-03-24T11:07:39","date_gmt":"2025-03-24T14:07:39","guid":{"rendered":"https:\/\/tvc16.com\/portal\/?p=101263"},"modified":"2025-03-24T11:07:41","modified_gmt":"2025-03-24T14:07:41","slug":"rio-de-janeiro-encerra-temporada-de-verao-com-recordes-no-turismo","status":"publish","type":"post","link":"https:\/\/tvc16.com\/portal\/2025\/03\/24\/rio-de-janeiro-encerra-temporada-de-verao-com-recordes-no-turismo\/","title":{"rendered":"Rio de Janeiro encerra temporada de ver\u00e3o com recordes no turismo"},"content":{"rendered":"\n<p><em>Estado que mais representa a esta\u00e7\u00e3o mais quente do ano coleciona bons resultados, que alavancam a economia fluminense<\/em><\/p>\n\n\n\n<p>O sempre marcante ver\u00e3o no Rio de Janeiro registra mais uma temporada de sucesso com o fim da esta\u00e7\u00e3o neste 2025. Com n\u00fameros expressivos e que marcam a hist\u00f3ria, o RJ reafirmou sua posi\u00e7\u00e3o como o destino tur\u00edstico mais procurado do pa\u00eds, superando expectativas e atraindo milhares de visitantes do Brasil e do exterior. O turismo internacional teve o crescimento mais expressivo: somente entre janeiro e fevereiro, o estado recebeu mais de 500 mil turistas estrangeiros, um aumento de 50% em rela\u00e7\u00e3o ao mesmo per\u00edodo do ano anterior. Entre dezembro e mar\u00e7o, o fluxo de turistas foi recorde, impulsionado pelos grandes eventos que comemoraram o R\u00e9veillon e que animaram o Carnaval, sem contar com a alta circula\u00e7\u00e3o provocada pelas f\u00e9rias escolares.<\/p>\n\n\n\n<p>\u2013 Esta alta temporada, uma das mais aquecidas dos \u00faltimos anos, consolida o Rio de Janeiro como refer\u00eancia nacional e internacional em turismo de lazer, cultura e entretenimento. Sem falar do turismo ecol\u00f3gico e dos visitantes que chegam ao estado para compromissos de neg\u00f3cios, em especial os visitantes que est\u00e3o no pa\u00eds para os encontros do Brics e da COP. Chegamos ao fim do ver\u00e3o com muitos motivos para celebrar os avan\u00e7os \u2013 avalia o governador Cl\u00e1udio Castro.<\/p>\n\n\n\n<p>O R\u00e9veillon de 2025 foi um dos maiores da hist\u00f3ria, atraindo mais de 3 milh\u00f5es de pessoas para a orla carioca. Os festejos garantiram lota\u00e7\u00e3o m\u00e1xima na hotelaria da capital e alta ocupa\u00e7\u00e3o nos principais destinos do interior. Janeiro manteve o ritmo intenso, com ocupa\u00e7\u00e3o m\u00e9dia de 90% na rede hoteleira e grande movimenta\u00e7\u00e3o nos aeroportos e rodovi\u00e1ria. J\u00e1 o m\u00eas de fevereiro, impulsionado pelo Carnaval, registrou os melhores n\u00fameros dos \u00faltimos 10 anos, com 98,5% de ocupa\u00e7\u00e3o hoteleira na capital e 87% no interior, al\u00e9m de uma movimenta\u00e7\u00e3o econ\u00f4mica que ultrapassou R$ 6,5 bilh\u00f5es.<\/p>\n\n\n\n<p>No acumulado de 2024, o Rio ultrapassou 1,5 milh\u00e3o de turistas internacionais, colocando-se entre os principais destinos da Am\u00e9rica Latina. Para o secret\u00e1rio de Estado de Turismo, Gustavo Tutuca, os resultados refletem o trabalho cont\u00ednuo de promo\u00e7\u00e3o do estado e o fortalecimento do setor:<\/p>\n\n\n\n<p>\u2013 O&nbsp;ver\u00e3o de 2025&nbsp;foi hist\u00f3rico para o turismo do Rio de Janeiro. Tivemos um R\u00e9veillon grandioso, janeiro e fevereiro com o estado lotado de turistas, e um Carnaval de recordes. Esse fluxo cont\u00ednuo de turistas nacionais e internacionais comprova que o Rio n\u00e3o \u00e9 apenas um destino desejado, mas uma pot\u00eancia tur\u00edstica consolidada. Seguiremos investindo na promo\u00e7\u00e3o do estado, tanto no Brasil quanto no exterior, para garantir que esse crescimento continue ao longo do ano \u2013 disse Tutuca.<\/p>\n\n\n\n<p><strong>Cruzeiros em alta: mais de 20 navios nos portos do RJ<\/strong><\/p>\n\n\n\n<p>No acumulado da esta\u00e7\u00e3o, os aeroportos do Rio e a Rodovi\u00e1ria do Rio receberam milh\u00f5es de passageiros, demonstrando o crescimento cont\u00ednuo do setor. O turismo de cruzeiros tamb\u00e9m teve uma temporada positiva, com mais de 20 navios atracando nos portos fluminenses, impulsionando ainda mais a economia local.<\/p>\n\n\n\n<p>Com o sucesso da temporada de ver\u00e3o e a consolida\u00e7\u00e3o do Rio como principal porta de entrada de turistas internacionais no Brasil, a expectativa \u00e9 de crescimento ainda maior para os pr\u00f3ximos meses. O estado segue investindo na promo\u00e7\u00e3o de seus destinos no mercado global, na qualifica\u00e7\u00e3o dos servi\u00e7os tur\u00edsticos e na capta\u00e7\u00e3o de novos eventos para manter o ritmo de expans\u00e3o do setor.<\/p>\n","protected":false},"excerpt":{"rendered":"<p>Estado que mais representa a esta\u00e7\u00e3o mais quente do ano coleciona bons resultados, que alavancam<\/p>\n","protected":false},"author":2,"featured_media":90267,"comment_status":"open","ping_status":"open","sticky":false,"template":"","format":"standard","meta":{"footnotes":""},"categories":[17],"tags":[],"class_list":["post-101263","post","type-post","status-publish","format-standard","has-post-thumbnail","hentry","category-outras-noticias"],"_links":{"self":[{"href":"https:\/\/tvc16.com\/portal\/wp-json\/wp\/v2\/posts\/101263","targetHints":{"allow":["GET"]}}],"collection":[{"href":"https:\/\/tvc16.com\/portal\/wp-json\/wp\/v2\/posts"}],"about":[{"href":"https:\/\/tvc16.com\/portal\/wp-json\/wp\/v2\/types\/post"}],"author":[{"embeddable":true,"href":"https:\/\/tvc16.com\/portal\/wp-json\/wp\/v2\/users\/2"}],"replies":[{"embeddable":true,"href":"https:\/\/tvc16.com\/portal\/wp-json\/wp\/v2\/comments?post=101263"}],"version-history":[{"count":1,"href":"https:\/\/tvc16.com\/portal\/wp-json\/wp\/v2\/posts\/101263\/revisions"}],"predecessor-version":[{"id":101264,"href":"https:\/\/tvc16.com\/portal\/wp-json\/wp\/v2\/posts\/101263\/revisions\/101264"}],"wp:featuredmedia":[{"embeddable":true,"href":"https:\/\/tvc16.com\/portal\/wp-json\/wp\/v2\/media\/90267"}],"wp:attachment":[{"href":"https:\/\/tvc16.com\/portal\/wp-json\/wp\/v2\/media?parent=101263"}],"wp:term":[{"taxonomy":"category","embeddable":true,"href":"https:\/\/tvc16.com\/portal\/wp-json\/wp\/v2\/categories?post=101263"},{"taxonomy":"post_tag","embeddable":true,"href":"https:\/\/tvc16.com\/portal\/wp-json\/wp\/v2\/tags?post=101263"}],"curies":[{"name":"wp","href":"https:\/\/api.w.org\/{rel}","templated":true}]}}