{"id":101268,"date":"2025-03-24T11:12:18","date_gmt":"2025-03-24T14:12:18","guid":{"rendered":"https:\/\/tvc16.com\/portal\/?p=101268"},"modified":"2025-03-24T11:12:20","modified_gmt":"2025-03-24T14:12:20","slug":"petropolis-recebe-encontro-das-artes-2025","status":"publish","type":"post","link":"https:\/\/tvc16.com\/portal\/2025\/03\/24\/petropolis-recebe-encontro-das-artes-2025\/","title":{"rendered":"Petr\u00f3polis recebe Encontro das Artes 2025"},"content":{"rendered":"\n<p><em>Realizado pela Secretaria de Cultura do Governo do Estado, o evento passar\u00e1 por todas as regi\u00f5es do Rio de Janeiro e ter\u00e1 sua primeira edi\u00e7\u00e3o em Petr\u00f3polis<\/em><\/p>\n\n\n\n<p>Neste ano, o Encontro das Artes chega com uma proposta diferente. A iniciativa, realizada pela Secretaria de Estado de Cultura e Economia Criativa do Rio de Janeiro (Sececrj), percorrer\u00e1 as dez regi\u00f5es do estado, aproximando a oferta de servi\u00e7os at\u00e9 a ponta. E para estrear essa nova fase, a cidade de Petr\u00f3polis sediar\u00e1 o primeiro evento, nos dias 28 e 29 deste m\u00eas.<\/p>\n\n\n\n<p>O Encontro tem como principal objetivo promover um espa\u00e7o de troca de informa\u00e7\u00f5es, di\u00e1logo e intera\u00e7\u00e3o entre artistas, produtores culturais e gestores com a equipe da Secretaria. Ser\u00e3o discutidos temas como pol\u00edtica de editais, a Lei Estadual de Incentivo \u00e0 Cultura e a produ\u00e7\u00e3o cultural local. O evento est\u00e1 sendo organizado pela Superintend\u00eancia de Artes da Sececrj, em parceria com o Instituto Municipal de Cultura &#8211; IMC de Petr\u00f3polis.<\/p>\n\n\n\n<p>&#8220;Ser\u00e1 uma oportunidade valiosa para a troca de experi\u00eancias entre diferentes artistas, agentes culturais e parceiros institucionais, com um di\u00e1logo aberto com o p\u00fablico. Esta \u00e9 mais uma a\u00e7\u00e3o da nossa gest\u00e3o voltada para a democratiza\u00e7\u00e3o da cultura e amplia\u00e7\u00e3o do acesso, fundamentada no processo de escuta que temos promovido ao longo dos \u00faltimos anos&#8221;, destaca a secret\u00e1ria de Estado de Cultura e Economia Criativa do Rio de Janeiro, Danielle Barros.<\/p>\n\n\n\n<p>Para abranger todos os temas propostos, o evento ser\u00e1 dividido em dois dias. No primeiro, haver\u00e1 um momento de perguntas e respostas, promovendo uma din\u00e2mica para que o p\u00fablico tire todas as d\u00favidas sobre os projetos da Sececrj. No segundo dia, acontecer\u00e1 uma mesa de conversa sobre a cena cultural local e suas rela\u00e7\u00f5es com o territ\u00f3rio, abordando os desafios e as necessidades de cada regi\u00e3o.<\/p>\n\n\n\n<p>&#8220;Esse \u00e9 um momento muito importante para a Cultura em Petr\u00f3polis. Uma cidade que \u00e9 rica em cultura, em seus diversos segmentos. Recentemente, conseguimos realizar uma bonita festa de Carnaval e temos pela frente um dos grandes eventos culturais do Estado, a Festa do Colono Alem\u00e3o, a Baurnfest. Trazer o Encontro das Artes para c\u00e1 \u00e9 mais uma oportunidade de fomentar a cultura na cidade e capacitar os nossos fazedores de cultura a se qualificarem, principalmente, no que diz respeito \u00e0s leis de incentivo&#8221;, destacou o presidente do IMC, Adenilson Honorato, que recentemente foi eleito presidente do F\u00f3rum de Gestores Municipais de Cultura do Rio de Janeiro.<\/p>\n\n\n\n<p>A primeira edi\u00e7\u00e3o do evento em 2025 ocorrer\u00e1 no Teatro Afonso Arinos, localizado no Centro de Cultura Raul de Leoni, na Pra\u00e7a Visconde de Mau\u00e1, n\u00ba 305, Centro &#8211; Petr\u00f3polis. Para participar, basta se inscrever atrav\u00e9s do link&nbsp;<a href=\"https:\/\/forms.office.com\/r\/yDF4ZumupF\" target=\"_blank\" rel=\"noreferrer noopener\">https:\/\/forms.office.com\/r\/yDF4ZumupF<\/a>.<\/p>\n\n\n\n<p><strong>Balan\u00e7o &#8211; Encontro das Artes 2024<\/strong><\/p>\n\n\n\n<p>No ano passado, a Sececrj realizou cinco Encontro das Artes e abordou as tem\u00e1ticas Circo, Dan\u00e7a, M\u00fasica, Teatro e Artes Visuais. O objetivo foi destacar e valorizar a pluralidade das cinco \u00e1reas que compreendem a Superintend\u00eancia de Artes da Sececrj, considerando as dez regi\u00f5es do estado, seguindo os temas cria\u00e7\u00e3o, diversidade e territ\u00f3rios. O p\u00fablico inscrito em cada edi\u00e7\u00e3o recebeu certificado de participa\u00e7\u00e3o emitido pela Secretaria.<\/p>\n\n\n\n<p><strong>Programa\u00e7\u00e3o &#8211; Encontro das Artes Petr\u00f3polis<\/strong><\/p>\n\n\n\n<p>1\u00ba Dia: 28 de mar\u00e7o (sexta-feira) \u2013 13h \u00e0s 20h<\/p>\n\n\n\n<p>13h | Caf\u00e9 para recep\u00e7\u00e3o do p\u00fablico e inscri\u00e7\u00e3o;&nbsp;<br>14h | Abertura institucional com a Chefe de Gabinete da SECEC-RJ (Claudia Raybolt), o Presidente do Instituto Municipal de Cultura de Petr\u00f3polis (Adenilson Honorato) e a Superintendente de Artes (Cristina de P\u00e1dula Cattan);<br>14h40 | Apresenta\u00e7\u00e3o da miss\u00e3o e a\u00e7\u00f5es da SECEC-RJ com as equipes e superintend\u00eancias;<br>15h30 | Tira d\u00favidas da Cultura com os setores da SECEC-RJ;<br>19h | Lan\u00e7amento do projeto Dan\u00e7ar, Empreender, Vencer!;<\/p>\n\n\n\n<p>2\u00ba Dia: 29 de mar\u00e7o (s\u00e1bado) &#8211; 9h \u00e0s 17h<\/p>\n\n\n\n<p>9h | Caf\u00e9 para recep\u00e7\u00e3o do p\u00fablico e inscri\u00e7\u00e3o;<br>9h30 \u00e0s 11h | Apresenta\u00e7\u00e3o da Lei de Incentivo \u00e0 Cultura do Estado do Rio de Janeiro (Lei do ICMS) com equipe SECEC-RJ;<br>11h15 \u00e0s 13h | Apresenta\u00e7\u00e3o dos Editais da SECEC-RJ com a Presidente da Comiss\u00e3o de Editais da SECEC-RJ, Tatiana Salom\u00e3o;<br>14h \u00e0s 17h | Mesa de Conversa: a Cena Cultural Local e suas Rela\u00e7\u00f5es com o Territ\u00f3rio;&nbsp;&nbsp;<\/p>\n","protected":false},"excerpt":{"rendered":"<p>Realizado pela Secretaria de Cultura do Governo do Estado, o evento passar\u00e1 por todas as<\/p>\n","protected":false},"author":2,"featured_media":101269,"comment_status":"open","ping_status":"open","sticky":false,"template":"","format":"standard","meta":{"footnotes":""},"categories":[12],"tags":[],"class_list":["post-101268","post","type-post","status-publish","format-standard","has-post-thumbnail","hentry","category-cidade"],"_links":{"self":[{"href":"https:\/\/tvc16.com\/portal\/wp-json\/wp\/v2\/posts\/101268","targetHints":{"allow":["GET"]}}],"collection":[{"href":"https:\/\/tvc16.com\/portal\/wp-json\/wp\/v2\/posts"}],"about":[{"href":"https:\/\/tvc16.com\/portal\/wp-json\/wp\/v2\/types\/post"}],"author":[{"embeddable":true,"href":"https:\/\/tvc16.com\/portal\/wp-json\/wp\/v2\/users\/2"}],"replies":[{"embeddable":true,"href":"https:\/\/tvc16.com\/portal\/wp-json\/wp\/v2\/comments?post=101268"}],"version-history":[{"count":1,"href":"https:\/\/tvc16.com\/portal\/wp-json\/wp\/v2\/posts\/101268\/revisions"}],"predecessor-version":[{"id":101270,"href":"https:\/\/tvc16.com\/portal\/wp-json\/wp\/v2\/posts\/101268\/revisions\/101270"}],"wp:featuredmedia":[{"embeddable":true,"href":"https:\/\/tvc16.com\/portal\/wp-json\/wp\/v2\/media\/101269"}],"wp:attachment":[{"href":"https:\/\/tvc16.com\/portal\/wp-json\/wp\/v2\/media?parent=101268"}],"wp:term":[{"taxonomy":"category","embeddable":true,"href":"https:\/\/tvc16.com\/portal\/wp-json\/wp\/v2\/categories?post=101268"},{"taxonomy":"post_tag","embeddable":true,"href":"https:\/\/tvc16.com\/portal\/wp-json\/wp\/v2\/tags?post=101268"}],"curies":[{"name":"wp","href":"https:\/\/api.w.org\/{rel}","templated":true}]}}