{"id":101271,"date":"2025-03-24T11:13:28","date_gmt":"2025-03-24T14:13:28","guid":{"rendered":"https:\/\/tvc16.com\/portal\/?p=101271"},"modified":"2025-03-24T11:17:57","modified_gmt":"2025-03-24T14:17:57","slug":"agora-e-lei-criacao-do-programa-de-reforco-escolar-para-alunos-da-rede-municipal-de-ensino","status":"publish","type":"post","link":"https:\/\/tvc16.com\/portal\/2025\/03\/24\/agora-e-lei-criacao-do-programa-de-reforco-escolar-para-alunos-da-rede-municipal-de-ensino\/","title":{"rendered":"AGORA \u00c9 LEI: Cria\u00e7\u00e3o do Programa de Refor\u00e7o Escolar para alunos da rede municipal de ensino"},"content":{"rendered":"\n<p>Foi promulgada, no dia 28 de fevereiro, a Lei n\u00ba 8998\/25, de autoria da vereadora J\u00falia Casamasso, que estabelece a cria\u00e7\u00e3o do Programa de Refor\u00e7o Escolar destinado aos alunos matriculados na rede municipal de ensino. O objetivo central da lei \u00e9 atenuar as dificuldades no processo de ensino-aprendizagem, proporcionando um espa\u00e7o de acolhimento, suporte pedag\u00f3gico e melhoria no desempenho escolar.<\/p>\n\n\n\n<p>A iniciativa ser\u00e1 conduzida por equipes multidisciplinares, compostas por professores, assistentes sociais e outros profissionais da educa\u00e7\u00e3o, com o apoio da Secretaria de Educa\u00e7\u00e3o e em colabora\u00e7\u00e3o com outras Secretarias Municipais. O refor\u00e7o ser\u00e1 oferecido no per\u00edodo de contraturno escolar, como atividade extracurricular, permitindo que os alunos que necessitam de apoio n\u00e3o se vejam prejudicados na carga hor\u00e1ria regular de ensino.<\/p>\n\n\n\n<p><em>\u201cO Programa de Refor\u00e7o Escolar visa beneficiar alunos que apresentem baixo rendimento acad\u00eamico, dificuldades de aprendizagem ou um hist\u00f3rico de altas taxas de aus\u00eancia nas aulas. Os pais ou respons\u00e1veis v\u00e3o poder solicitar, diretamente aos diretores das escolas municipais, o encaminhamento de seus filhos para avalia\u00e7\u00e3o e participa\u00e7\u00e3o no programa\u201d<\/em>, comenta a Vereadora.<\/p>\n\n\n\n<p>O programa busca mapear as principais dificuldades enfrentadas pelos estudantes, com o intuito de proporcionar um refor\u00e7o pedag\u00f3gico espec\u00edfico.<\/p>\n\n\n\n<p>A Lei 8998\/25 tamb\u00e9m prev\u00ea a possibilidade de firmar parcerias com outras entidades, como os Governos Estadual e Federal, al\u00e9m de cooperativas e organiza\u00e7\u00f5es da sociedade civil, para fortalecer a execu\u00e7\u00e3o do Programa. A colabora\u00e7\u00e3o interinstitucional busca ampliar o alcance e a efetividade das a\u00e7\u00f5es, criando uma rede de apoio para as crian\u00e7as que mais necessitam.<\/p>\n\n\n\n<p>A cria\u00e7\u00e3o do programa \u00e9 uma resposta \u00e0s crescentes dificuldades enfrentadas por muitos alunos na rede municipal de ensino. Fatores socioecon\u00f4micos, emocionais e pedag\u00f3gicos podem afetar gravemente o desempenho escolar, resultando em baixa autoestima, evas\u00e3o escolar e at\u00e9 mesmo abandono da educa\u00e7\u00e3o formal. O refor\u00e7o escolar \u00e9 apontado como uma estrat\u00e9gia eficaz para minimizar essas barreiras e proporcionar uma educa\u00e7\u00e3o mais inclusiva e acess\u00edvel para todos.<\/p>\n\n\n\n<p>De acordo com a vereadora J\u00falia Casamasso, autora da proposta, o Programa de Refor\u00e7o Escolar \u00e9 uma medida essencial para garantir que os alunos em situa\u00e7\u00e3o de vulnerabilidade social ou com dificuldades de aprendizagem tenham a oportunidade de alcan\u00e7ar seu pleno potencial.&nbsp;<em>&#8220;A educa\u00e7\u00e3o \u00e9 a chave para o futuro de nossas crian\u00e7as, e \u00e9 fundamental que as pol\u00edticas p\u00fablicas sejam ajustadas para atender \u00e0s necessidades individuais de cada aluno&#8221;<\/em>, afirmou a vereadora.<\/p>\n","protected":false},"excerpt":{"rendered":"<p>Foi promulgada, no dia 28 de fevereiro, a Lei n\u00ba 8998\/25, de autoria da vereadora<\/p>\n","protected":false},"author":2,"featured_media":101275,"comment_status":"open","ping_status":"open","sticky":false,"template":"","format":"standard","meta":{"footnotes":""},"categories":[12],"tags":[],"class_list":["post-101271","post","type-post","status-publish","format-standard","has-post-thumbnail","hentry","category-cidade"],"_links":{"self":[{"href":"https:\/\/tvc16.com\/portal\/wp-json\/wp\/v2\/posts\/101271","targetHints":{"allow":["GET"]}}],"collection":[{"href":"https:\/\/tvc16.com\/portal\/wp-json\/wp\/v2\/posts"}],"about":[{"href":"https:\/\/tvc16.com\/portal\/wp-json\/wp\/v2\/types\/post"}],"author":[{"embeddable":true,"href":"https:\/\/tvc16.com\/portal\/wp-json\/wp\/v2\/users\/2"}],"replies":[{"embeddable":true,"href":"https:\/\/tvc16.com\/portal\/wp-json\/wp\/v2\/comments?post=101271"}],"version-history":[{"count":1,"href":"https:\/\/tvc16.com\/portal\/wp-json\/wp\/v2\/posts\/101271\/revisions"}],"predecessor-version":[{"id":101273,"href":"https:\/\/tvc16.com\/portal\/wp-json\/wp\/v2\/posts\/101271\/revisions\/101273"}],"wp:featuredmedia":[{"embeddable":true,"href":"https:\/\/tvc16.com\/portal\/wp-json\/wp\/v2\/media\/101275"}],"wp:attachment":[{"href":"https:\/\/tvc16.com\/portal\/wp-json\/wp\/v2\/media?parent=101271"}],"wp:term":[{"taxonomy":"category","embeddable":true,"href":"https:\/\/tvc16.com\/portal\/wp-json\/wp\/v2\/categories?post=101271"},{"taxonomy":"post_tag","embeddable":true,"href":"https:\/\/tvc16.com\/portal\/wp-json\/wp\/v2\/tags?post=101271"}],"curies":[{"name":"wp","href":"https:\/\/api.w.org\/{rel}","templated":true}]}}