{"id":101279,"date":"2025-03-24T15:56:11","date_gmt":"2025-03-24T18:56:11","guid":{"rendered":"https:\/\/tvc16.com\/portal\/?p=101279"},"modified":"2025-03-24T15:56:12","modified_gmt":"2025-03-24T18:56:12","slug":"outono-sera-de-chuvas-e-temperaturas-abaixo-da-media","status":"publish","type":"post","link":"https:\/\/tvc16.com\/portal\/2025\/03\/24\/outono-sera-de-chuvas-e-temperaturas-abaixo-da-media\/","title":{"rendered":"Outono ser\u00e1 de chuvas e temperaturas abaixo da m\u00e9dia"},"content":{"rendered":"\n<p><em>Fen\u00f4meno La Ni\u00f1a, que faz parte da variabilidade do El Ni\u00f1o-Oscila\u00e7\u00e3o Sul (ENOS) permanece ativo<\/em><\/p>\n\n\n\n<p>O outono come\u00e7ou no dia 20 de mar\u00e7o e as proje\u00e7\u00f5es para a pr\u00f3xima esta\u00e7\u00e3o indicam que as chuvas e as temperaturas devem ficar abaixo da m\u00e9dia. A previs\u00e3o para os pr\u00f3ximos meses tamb\u00e9m indica que o fen\u00f4meno La Ni\u00f1a, que faz parte da variabilidade do El Ni\u00f1o-Oscila\u00e7\u00e3o Sul (ENOS) permanece ativo neste per\u00edodo, influenciando nas temperaturas.<\/p>\n\n\n\n<p>As precipita\u00e7\u00f5es ficam abaixo da m\u00e9dia climatol\u00f3gica, com acumulado estimado em aproximadamente 200 mm. J\u00e1 as temperaturas ficam ligeiramente abaixo do normal hist\u00f3rica, com valores m\u00e9dios pr\u00f3ximos a 22\u00b0C.<\/p>\n\n\n\n<p>\u201c\u00c9 importante ressaltar que a atmosfera \u00e9 um sistema din\u00e2mico, influenciado por diversas vari\u00e1veis, e que caracter\u00edsticas locais impactam diretamente o comportamento dos fen\u00f4menos meteorol\u00f3gicos. A Secretaria de Prote\u00e7\u00e3o e Defesa Civil mantem as atualiza\u00e7\u00f5es di\u00e1rias das previs\u00f5es meteorol\u00f3gicas, garantindo um monitoramento cont\u00ednuo e uma representa\u00e7\u00e3o mais precisa das condi\u00e7\u00f5es atmosf\u00e9ricas em curto e curt\u00edssimo prazo\u201d, destacou a meteorologista, Rafaela Filipe.<\/p>\n\n\n\n<p>Foto: \u00a9 Paulo Pinto\/ Ag\u00eancia Brasil<br><\/p>\n","protected":false},"excerpt":{"rendered":"<p>Fen\u00f4meno La Ni\u00f1a, que faz parte da variabilidade do El Ni\u00f1o-Oscila\u00e7\u00e3o Sul (ENOS) permanece ativo<\/p>\n","protected":false},"author":2,"featured_media":101280,"comment_status":"open","ping_status":"open","sticky":false,"template":"","format":"standard","meta":{"footnotes":""},"categories":[12],"tags":[],"class_list":["post-101279","post","type-post","status-publish","format-standard","has-post-thumbnail","hentry","category-cidade"],"_links":{"self":[{"href":"https:\/\/tvc16.com\/portal\/wp-json\/wp\/v2\/posts\/101279","targetHints":{"allow":["GET"]}}],"collection":[{"href":"https:\/\/tvc16.com\/portal\/wp-json\/wp\/v2\/posts"}],"about":[{"href":"https:\/\/tvc16.com\/portal\/wp-json\/wp\/v2\/types\/post"}],"author":[{"embeddable":true,"href":"https:\/\/tvc16.com\/portal\/wp-json\/wp\/v2\/users\/2"}],"replies":[{"embeddable":true,"href":"https:\/\/tvc16.com\/portal\/wp-json\/wp\/v2\/comments?post=101279"}],"version-history":[{"count":1,"href":"https:\/\/tvc16.com\/portal\/wp-json\/wp\/v2\/posts\/101279\/revisions"}],"predecessor-version":[{"id":101281,"href":"https:\/\/tvc16.com\/portal\/wp-json\/wp\/v2\/posts\/101279\/revisions\/101281"}],"wp:featuredmedia":[{"embeddable":true,"href":"https:\/\/tvc16.com\/portal\/wp-json\/wp\/v2\/media\/101280"}],"wp:attachment":[{"href":"https:\/\/tvc16.com\/portal\/wp-json\/wp\/v2\/media?parent=101279"}],"wp:term":[{"taxonomy":"category","embeddable":true,"href":"https:\/\/tvc16.com\/portal\/wp-json\/wp\/v2\/categories?post=101279"},{"taxonomy":"post_tag","embeddable":true,"href":"https:\/\/tvc16.com\/portal\/wp-json\/wp\/v2\/tags?post=101279"}],"curies":[{"name":"wp","href":"https:\/\/api.w.org\/{rel}","templated":true}]}}