{"id":101286,"date":"2025-03-25T05:00:00","date_gmt":"2025-03-25T08:00:00","guid":{"rendered":"https:\/\/tvc16.com\/portal\/?p=101286"},"modified":"2025-03-24T16:09:58","modified_gmt":"2025-03-24T19:09:58","slug":"prefeitura-lanca-whatsapp-exclusivo-para-matriculas-escolares","status":"publish","type":"post","link":"https:\/\/tvc16.com\/portal\/2025\/03\/25\/prefeitura-lanca-whatsapp-exclusivo-para-matriculas-escolares\/","title":{"rendered":"Prefeitura lan\u00e7a WhatsApp exclusivo para matr\u00edculas escolares"},"content":{"rendered":"\n<p><em>Dois n\u00fameros dispon\u00edveis garantem maior contato entre Secretaria de Educa\u00e7\u00e3o e fam\u00edlias<\/em><\/p>\n\n\n\n<p>A Prefeitura de Petr\u00f3polis, por meio da Secretaria Municipal de Educa\u00e7\u00e3o, ampliou as op\u00e7\u00f5es para contato sobre matr\u00edculas escolares com a disponibiliza\u00e7\u00e3o de dois n\u00fameros de WhatsApp. O objetivo \u00e9 garantir maior alcance e efici\u00eancia no atendimento \u00e0s fam\u00edlias, especialmente nos processos de chamadas dos Centros de Educa\u00e7\u00e3o Infantil (CEIs).<\/p>\n\n\n\n<p>Os n\u00fameros disponibilizados s\u00e3o o 2246-8653, instalado na sede da Secretaria de Educa\u00e7\u00e3o, no centro da cidade, e o 2246-8482, no polo de Itaipava. Este segundo n\u00famero abrange tamb\u00e9m demandas dos distritos pr\u00f3ximos, incluindo Pedro do Rio e Posse.<\/p>\n\n\n\n<p>A iniciativa visa solucionar uma dificuldade recorrente identificada pela Secretaria de Educa\u00e7\u00e3o: a perda frequente de vagas em CEIs devido \u00e0 falta de resposta dos respons\u00e1veis \u00e0s liga\u00e7\u00f5es telef\u00f4nicas tradicionais. Muitas fam\u00edlias deixam de atender chamadas da Secretaria por n\u00e3o reconhecerem os n\u00fameros convencionais ou devido \u00e0s dificuldades de contato por voz durante o dia.<\/p>\n\n\n\n<p>De acordo com o prefeito Hingo Hammes, \u201co uso do WhatsApp representa mais acessibilidade no contato com as fam\u00edlias, eliminando obst\u00e1culos que causavam perdas desnecess\u00e1rias de vagas. \u00c9 uma solu\u00e7\u00e3o eficaz que amplia o alcance da comunica\u00e7\u00e3o entre poder p\u00fablico e popula\u00e7\u00e3o\u201d, afirma o prefeito.<\/p>\n\n\n\n<p>O secret\u00e1rio municipal de Educa\u00e7\u00e3o, Alexandre Gurgel, ressalta que o WhatsApp facilita especialmente a comunica\u00e7\u00e3o nas chamadas para matr\u00edculas em CEIs, uma etapa fundamental no ingresso das crian\u00e7as na rede municipal.<\/p>\n\n\n\n<p>\u201cCom esse novo canal, diminu\u00edmos o risco de os respons\u00e1veis perderem o aviso sobre as vagas. \u00c9 importante que as fam\u00edlias estejam atentas e utilizem essa ferramenta para evitar preju\u00edzos no acesso \u00e0 educa\u00e7\u00e3o\u201d.<\/p>\n\n\n\n<p>A Secretaria esclarece que os n\u00fameros podem ser utilizados por todos os moradores interessados em obter informa\u00e7\u00f5es gerais sobre matr\u00edculas escolares. Essa medida n\u00e3o restringe o uso somente \u00e0s chamadas das vagas, mas serve tamb\u00e9m para facilitar d\u00favidas frequentes e agilizar o processo de atendimento.<\/p>\n\n\n\n<p>Al\u00e9m disso, o canal via WhatsApp contribui diretamente para a redu\u00e7\u00e3o de filas e espera no atendimento presencial nas unidades da Secretaria, representando economia de tempo e agilidade para os cidad\u00e3os.<\/p>\n\n\n\n<p>A equipe respons\u00e1vel pelo atendimento via WhatsApp foi capacitada para esclarecer d\u00favidas sobre documenta\u00e7\u00e3o necess\u00e1ria, prazos, crit\u00e9rios de matr\u00edcula e demais procedimentos exigidos pela rede municipal de ensino.<\/p>\n\n\n\n<p>Com esses novos canais, a expectativa da Prefeitura \u00e9 aumentar consideravelmente a ades\u00e3o e efici\u00eancia no preenchimento das vagas dispon\u00edveis na rede municipal, principalmente nos distritos onde o contato telef\u00f4nico tradicional apresenta maiores desafios.<\/p>\n\n\n\n<p>Foto: \u00a9 Marcelo Camargo\/Ag\u00eancia Brasil<\/p>\n\n\n\n<p><\/p>\n","protected":false},"excerpt":{"rendered":"<p>Dois n\u00fameros dispon\u00edveis garantem maior contato entre Secretaria de Educa\u00e7\u00e3o e fam\u00edlias A Prefeitura de<\/p>\n","protected":false},"author":2,"featured_media":101287,"comment_status":"open","ping_status":"open","sticky":false,"template":"","format":"standard","meta":{"footnotes":""},"categories":[12],"tags":[],"class_list":["post-101286","post","type-post","status-publish","format-standard","has-post-thumbnail","hentry","category-cidade"],"_links":{"self":[{"href":"https:\/\/tvc16.com\/portal\/wp-json\/wp\/v2\/posts\/101286","targetHints":{"allow":["GET"]}}],"collection":[{"href":"https:\/\/tvc16.com\/portal\/wp-json\/wp\/v2\/posts"}],"about":[{"href":"https:\/\/tvc16.com\/portal\/wp-json\/wp\/v2\/types\/post"}],"author":[{"embeddable":true,"href":"https:\/\/tvc16.com\/portal\/wp-json\/wp\/v2\/users\/2"}],"replies":[{"embeddable":true,"href":"https:\/\/tvc16.com\/portal\/wp-json\/wp\/v2\/comments?post=101286"}],"version-history":[{"count":1,"href":"https:\/\/tvc16.com\/portal\/wp-json\/wp\/v2\/posts\/101286\/revisions"}],"predecessor-version":[{"id":101288,"href":"https:\/\/tvc16.com\/portal\/wp-json\/wp\/v2\/posts\/101286\/revisions\/101288"}],"wp:featuredmedia":[{"embeddable":true,"href":"https:\/\/tvc16.com\/portal\/wp-json\/wp\/v2\/media\/101287"}],"wp:attachment":[{"href":"https:\/\/tvc16.com\/portal\/wp-json\/wp\/v2\/media?parent=101286"}],"wp:term":[{"taxonomy":"category","embeddable":true,"href":"https:\/\/tvc16.com\/portal\/wp-json\/wp\/v2\/categories?post=101286"},{"taxonomy":"post_tag","embeddable":true,"href":"https:\/\/tvc16.com\/portal\/wp-json\/wp\/v2\/tags?post=101286"}],"curies":[{"name":"wp","href":"https:\/\/api.w.org\/{rel}","templated":true}]}}