{"id":101289,"date":"2025-03-25T05:00:00","date_gmt":"2025-03-25T08:00:00","guid":{"rendered":"https:\/\/tvc16.com\/portal\/?p=101289"},"modified":"2025-03-24T16:12:13","modified_gmt":"2025-03-24T19:12:13","slug":"mes-da-mulher-programacao-entra-na-ultima-semana","status":"publish","type":"post","link":"https:\/\/tvc16.com\/portal\/2025\/03\/25\/mes-da-mulher-programacao-entra-na-ultima-semana\/","title":{"rendered":"M\u00eas da Mulher: programa\u00e7\u00e3o entra na \u00faltima semana"},"content":{"rendered":"\n<p>A programa\u00e7\u00e3o do M\u00eas da Mulher entra na \u00faltima semana com atendimento jur\u00eddico, trilhas, feira, semin\u00e1rio e palestras. As atividades v\u00e3o acontecer na Pra\u00e7a da Inconfid\u00eancia, no Parque Municipal Natural Padre Quinha, no Centro de Cultura e na Casa dos Conselhos Municipais Augusto Angelo Zanatta. Toda a programa\u00e7\u00e3o \u00e9 gratuita.<\/p>\n\n\n\n<p>\u201cDurante todo o m\u00eas tivemos v\u00e1rias atividades voltadas para as mulheres. Onde toda a Prefeitura e o Comdim estiveram envolvidos em promover a\u00e7\u00f5es de empoderamento, valoriza\u00e7\u00e3o e igualdade de g\u00eanero\u201d, comentou o prefeito Hingo Hammes.<\/p>\n\n\n\n<p>\u201cEst\u00e3o todas convidadas a participarem das a\u00e7\u00f5es dessa \u00faltima semana do M\u00eas da Mulher e tamb\u00e9m a conhecerem a Secretaria da Mulher, procurar nossos servi\u00e7os e atendimentos. Estamos de portas abertas para acolher e atender a todas as mulheres\u201d, frisou a secret\u00e1ria de Direitos e Pol\u00edticas para Mulheres, Ros\u00e2ngela Stumpf.<\/p>\n\n\n\n<p>Nesta \u00faltima semana do M\u00eas da Mulher tem atendimento jur\u00eddico gratuito com a OAB Mulher, na Pra\u00e7a da Inconfid\u00eancia, no Centro, na quinta-feira (27\/03), das 10h \u00e0s 16h. Na sexta-feira (28\/03), tem Trilha com Elas, no Parque Municipal Natural Padre Quinha (Avenida Ipiranga, no Centro), a partir das 8h30.<\/p>\n\n\n\n<p>No s\u00e1bado (29\/03), acontece o encerramento do M\u00eas da Mulher com o semin\u00e1rio \u201cA Desigualdade salarial e empregos para as mulheres em Petr\u00f3polis\u201d, a partir das 9h na Casa dos Conselhos Municipais Augusto Angelo Zanatta (Avenida Koeler, 260 \u2013 Centro). Tamb\u00e9m no s\u00e1bado tem palestras no Centro de Cultura Raul de Leoni, das 14h \u00e0s 18h, como parte da programa\u00e7\u00e3o Mulheres Negras Petr\u00f3polis. E at\u00e9 o dia 30 de mar\u00e7o, continua no Centro de Cultura Raul de Leoni a Feira do Empreendedorismo Feminino.<\/p>\n\n\n\n<p>A programa\u00e7\u00e3o completa est\u00e1 no site e no Instagram da Prefeitura (petropolis.rj.gov.br \/ @petropolis_pmp).<\/p>\n\n\n\n<p>Foto: divulga\u00e7\u00e3o <\/p>\n","protected":false},"excerpt":{"rendered":"<p>A programa\u00e7\u00e3o do M\u00eas da Mulher entra na \u00faltima semana com atendimento jur\u00eddico, trilhas, feira,<\/p>\n","protected":false},"author":2,"featured_media":78916,"comment_status":"open","ping_status":"open","sticky":false,"template":"","format":"standard","meta":{"footnotes":""},"categories":[12],"tags":[],"class_list":["post-101289","post","type-post","status-publish","format-standard","has-post-thumbnail","hentry","category-cidade"],"_links":{"self":[{"href":"https:\/\/tvc16.com\/portal\/wp-json\/wp\/v2\/posts\/101289","targetHints":{"allow":["GET"]}}],"collection":[{"href":"https:\/\/tvc16.com\/portal\/wp-json\/wp\/v2\/posts"}],"about":[{"href":"https:\/\/tvc16.com\/portal\/wp-json\/wp\/v2\/types\/post"}],"author":[{"embeddable":true,"href":"https:\/\/tvc16.com\/portal\/wp-json\/wp\/v2\/users\/2"}],"replies":[{"embeddable":true,"href":"https:\/\/tvc16.com\/portal\/wp-json\/wp\/v2\/comments?post=101289"}],"version-history":[{"count":1,"href":"https:\/\/tvc16.com\/portal\/wp-json\/wp\/v2\/posts\/101289\/revisions"}],"predecessor-version":[{"id":101290,"href":"https:\/\/tvc16.com\/portal\/wp-json\/wp\/v2\/posts\/101289\/revisions\/101290"}],"wp:featuredmedia":[{"embeddable":true,"href":"https:\/\/tvc16.com\/portal\/wp-json\/wp\/v2\/media\/78916"}],"wp:attachment":[{"href":"https:\/\/tvc16.com\/portal\/wp-json\/wp\/v2\/media?parent=101289"}],"wp:term":[{"taxonomy":"category","embeddable":true,"href":"https:\/\/tvc16.com\/portal\/wp-json\/wp\/v2\/categories?post=101289"},{"taxonomy":"post_tag","embeddable":true,"href":"https:\/\/tvc16.com\/portal\/wp-json\/wp\/v2\/tags?post=101289"}],"curies":[{"name":"wp","href":"https:\/\/api.w.org\/{rel}","templated":true}]}}