{"id":101291,"date":"2025-03-25T05:00:00","date_gmt":"2025-03-25T08:00:00","guid":{"rendered":"https:\/\/tvc16.com\/portal\/?p=101291"},"modified":"2025-03-24T17:16:23","modified_gmt":"2025-03-24T20:16:23","slug":"pesquisadora-levanta-debate-sobre-os-impactos-das-mudancas-climaticas-na-saude-da-populacao","status":"publish","type":"post","link":"https:\/\/tvc16.com\/portal\/2025\/03\/25\/pesquisadora-levanta-debate-sobre-os-impactos-das-mudancas-climaticas-na-saude-da-populacao\/","title":{"rendered":"Pesquisadora levanta debate sobre os impactos das mudan\u00e7as clim\u00e1ticas na sa\u00fade da popula\u00e7\u00e3o"},"content":{"rendered":"\n<p><em>Bate-papo com a m\u00e9dica Mayara Floss \u00e9 parte da 3\u00aa Jornada da Virada Clim\u00e1tica da UNIFASE\/FMP<\/em><\/p>\n\n\n\n<p>O Centro Universit\u00e1rio Arthur S\u00e1 Earp Neto\/Faculdade de Medicina de Petr\u00f3polis (UNIFASE\/FMP) acaba de lan\u00e7ar em seu Youtube, @UNIFASE, o bate-papo do professor Paulo S\u00e1 e a m\u00e9dica de fam\u00edlia e comunidade Mayara Floss sobre sa\u00fade planet\u00e1ria. A conversa, que \u00e9 parte da programa\u00e7\u00e3o da 3\u00aa Jornada da Virada Clim\u00e1tica, estimula a reflex\u00e3o e as a\u00e7\u00f5es de cultura regenerativa.<\/p>\n\n\n\n<p>Atuante no Sistema \u00danico de Sa\u00fade (SUS) e doutora em Patologia pela Universidade de S\u00e3o Paulo (USP), Mayara foi finalista do Pr\u00eamio Jabuti em 2023 com o livro Di\u00e1rio dos Abra\u00e7os e lan\u00e7ou recentemente a obra Mundo Imposs\u00edvel, uma distopia ambiental brasileira. Durante a conversa, ela abordou a rela\u00e7\u00e3o entre as altera\u00e7\u00f5es clim\u00e1ticas e a sa\u00fade f\u00edsica e emocional da popula\u00e7\u00e3o, destacando ainda a dificuldade de tratar o tema sem enfrentar resist\u00eancias ou preconceitos.<\/p>\n\n\n\n<p>Mayara tamb\u00e9m integra o Grupo de Trabalho de Sa\u00fade Planet\u00e1ria da Sociedade Brasileira de Medicina de Fam\u00edlia e Comunidade e da Organiza\u00e7\u00e3o Mundial de M\u00e9dicos de Fam\u00edlia e Comunidade (WONCA). Al\u00e9m disso, faz parte do Instituto de Estudos Avan\u00e7ados da USP (IEA-USP), consolidando seu papel como uma das vozes de refer\u00eancia no debate sobre clima e sa\u00fade.<\/p>\n\n\n\n<p>Confira o bate-papo completo no link https:\/\/youtu.be\/Aqb0agov5qY.<\/p>\n","protected":false},"excerpt":{"rendered":"<p>Bate-papo com a m\u00e9dica Mayara Floss \u00e9 parte da 3\u00aa Jornada da Virada Clim\u00e1tica da<\/p>\n","protected":false},"author":2,"featured_media":101292,"comment_status":"open","ping_status":"open","sticky":false,"template":"","format":"standard","meta":{"footnotes":""},"categories":[12],"tags":[],"class_list":["post-101291","post","type-post","status-publish","format-standard","has-post-thumbnail","hentry","category-cidade"],"_links":{"self":[{"href":"https:\/\/tvc16.com\/portal\/wp-json\/wp\/v2\/posts\/101291","targetHints":{"allow":["GET"]}}],"collection":[{"href":"https:\/\/tvc16.com\/portal\/wp-json\/wp\/v2\/posts"}],"about":[{"href":"https:\/\/tvc16.com\/portal\/wp-json\/wp\/v2\/types\/post"}],"author":[{"embeddable":true,"href":"https:\/\/tvc16.com\/portal\/wp-json\/wp\/v2\/users\/2"}],"replies":[{"embeddable":true,"href":"https:\/\/tvc16.com\/portal\/wp-json\/wp\/v2\/comments?post=101291"}],"version-history":[{"count":1,"href":"https:\/\/tvc16.com\/portal\/wp-json\/wp\/v2\/posts\/101291\/revisions"}],"predecessor-version":[{"id":101293,"href":"https:\/\/tvc16.com\/portal\/wp-json\/wp\/v2\/posts\/101291\/revisions\/101293"}],"wp:featuredmedia":[{"embeddable":true,"href":"https:\/\/tvc16.com\/portal\/wp-json\/wp\/v2\/media\/101292"}],"wp:attachment":[{"href":"https:\/\/tvc16.com\/portal\/wp-json\/wp\/v2\/media?parent=101291"}],"wp:term":[{"taxonomy":"category","embeddable":true,"href":"https:\/\/tvc16.com\/portal\/wp-json\/wp\/v2\/categories?post=101291"},{"taxonomy":"post_tag","embeddable":true,"href":"https:\/\/tvc16.com\/portal\/wp-json\/wp\/v2\/tags?post=101291"}],"curies":[{"name":"wp","href":"https:\/\/api.w.org\/{rel}","templated":true}]}}