{"id":101303,"date":"2025-03-25T08:39:19","date_gmt":"2025-03-25T11:39:19","guid":{"rendered":"https:\/\/tvc16.com\/portal\/?p=101303"},"modified":"2025-03-25T08:39:21","modified_gmt":"2025-03-25T11:39:21","slug":"receita-recebe-34-milhoes-de-declaracoes-do-ir-na-primeira-semana","status":"publish","type":"post","link":"https:\/\/tvc16.com\/portal\/2025\/03\/25\/receita-recebe-34-milhoes-de-declaracoes-do-ir-na-primeira-semana\/","title":{"rendered":"Receita recebe 3,4 milh\u00f5es de declara\u00e7\u00f5es do IR na primeira semana"},"content":{"rendered":"\n<p><em>N\u00famero equivale a 7,4% do total esperado para este ano<\/em><\/p>\n\n\n\n<p>Por Wellton M\u00e1ximo \u2013 Rep\u00f3rter da Ag\u00eancia Brasil \/ Foto: Arte\/Ag\u00eancia Brasil<\/p>\n\n\n\n<p><\/p>\n\n\n\n<p>Na primeira semana de entrega, a Receita Federal recebeu 3.414.843 declara\u00e7\u00f5es do Imposto de Renda da Pessoa F\u00edsica (IRPF) de 2025.&nbsp;<strong>O n\u00famero, registrado at\u00e9 as 17h desta segunda-feira (24), equivale a 7,4% do total esperado para este ano<\/strong>.<img decoding=\"async\" src=\"https:\/\/agenciabrasil.ebc.com.br\/ebc.png?id=1635766&amp;o=node\"><img decoding=\"async\" src=\"https:\/\/agenciabrasil.ebc.com.br\/ebc.gif?id=1635766&amp;o=node\"><\/p>\n\n\n\n<p>O prazo para entregar a declara\u00e7\u00e3o come\u00e7ou no \u00faltimo dia 17 e termina \u00e0s 23h59 do dia de 30 de maio. O&nbsp;<a href=\"https:\/\/www.gov.br\/receitafederal\/pt-br\" target=\"_blank\" rel=\"noreferrer noopener\">programa gerador da declara\u00e7\u00e3o est\u00e1 dispon\u00edvel<\/a>&nbsp;desde o \u00faltimo dia 13.<\/p>\n\n\n\n<p><strong>A Receita Federal espera receber 46,2 milh\u00f5es de declara\u00e7\u00f5es do Imposto de Renda da Pessoa F\u00edsica este ano<\/strong>, o que representar\u00e1 um acr\u00e9scimo de quase 7%, na compara\u00e7\u00e3o com 2024, quando foram entregues 43,2 milh\u00f5es de declara\u00e7\u00f5es.<\/p>\n\n\n\n<p>As pessoas f\u00edsicas que receberam rendimentos tribut\u00e1veis acima de R$ 33.888, assim como aquelas que obtiveram receita bruta da atividade rural acima de R$ 169.440, s\u00e3o obrigadas a declarar.&nbsp;<\/p>\n\n\n\n<p><strong>As pessoas que receberam at\u00e9 dois sal\u00e1rios m\u00ednimos mensais durante 2024 est\u00e3o dispensadas de fazer a declara\u00e7\u00e3o<\/strong>, salvo se se enquadrarem em outro crit\u00e9rio de obrigatoriedade.<\/p>\n\n\n\n<figure class=\"wp-block-image\"><img decoding=\"async\" src=\"https:\/\/agenciabrasil.ebc.com.br\/sites\/default\/files\/thumbnails\/image\/2025\/03\/14\/irpf-2025_3.png\" alt=\"arte irpf 2025\" title=\"Arte\/Ag\u00eancia Brasil\"\/><\/figure>\n\n\n\n<p><br><\/p>\n","protected":false},"excerpt":{"rendered":"<p>N\u00famero equivale a 7,4% do total esperado para este ano Por Wellton M\u00e1ximo \u2013 Rep\u00f3rter<\/p>\n","protected":false},"author":2,"featured_media":101304,"comment_status":"open","ping_status":"open","sticky":false,"template":"","format":"standard","meta":{"footnotes":""},"categories":[17],"tags":[],"class_list":["post-101303","post","type-post","status-publish","format-standard","has-post-thumbnail","hentry","category-outras-noticias"],"_links":{"self":[{"href":"https:\/\/tvc16.com\/portal\/wp-json\/wp\/v2\/posts\/101303","targetHints":{"allow":["GET"]}}],"collection":[{"href":"https:\/\/tvc16.com\/portal\/wp-json\/wp\/v2\/posts"}],"about":[{"href":"https:\/\/tvc16.com\/portal\/wp-json\/wp\/v2\/types\/post"}],"author":[{"embeddable":true,"href":"https:\/\/tvc16.com\/portal\/wp-json\/wp\/v2\/users\/2"}],"replies":[{"embeddable":true,"href":"https:\/\/tvc16.com\/portal\/wp-json\/wp\/v2\/comments?post=101303"}],"version-history":[{"count":1,"href":"https:\/\/tvc16.com\/portal\/wp-json\/wp\/v2\/posts\/101303\/revisions"}],"predecessor-version":[{"id":101305,"href":"https:\/\/tvc16.com\/portal\/wp-json\/wp\/v2\/posts\/101303\/revisions\/101305"}],"wp:featuredmedia":[{"embeddable":true,"href":"https:\/\/tvc16.com\/portal\/wp-json\/wp\/v2\/media\/101304"}],"wp:attachment":[{"href":"https:\/\/tvc16.com\/portal\/wp-json\/wp\/v2\/media?parent=101303"}],"wp:term":[{"taxonomy":"category","embeddable":true,"href":"https:\/\/tvc16.com\/portal\/wp-json\/wp\/v2\/categories?post=101303"},{"taxonomy":"post_tag","embeddable":true,"href":"https:\/\/tvc16.com\/portal\/wp-json\/wp\/v2\/tags?post=101303"}],"curies":[{"name":"wp","href":"https:\/\/api.w.org\/{rel}","templated":true}]}}