{"id":101308,"date":"2025-03-25T09:06:13","date_gmt":"2025-03-25T12:06:13","guid":{"rendered":"https:\/\/tvc16.com\/portal\/?p=101308"},"modified":"2025-03-25T09:06:16","modified_gmt":"2025-03-25T12:06:16","slug":"em-dois-anos-pais-aumenta-reciclagem-de-embalagens-pet-em-14","status":"publish","type":"post","link":"https:\/\/tvc16.com\/portal\/2025\/03\/25\/em-dois-anos-pais-aumenta-reciclagem-de-embalagens-pet-em-14\/","title":{"rendered":"Em dois anos, pa\u00eds aumenta reciclagem de embalagens PET em 14%"},"content":{"rendered":"\n<p><em>Mesmo assim, reciclagem ainda est\u00e1 abaixo do potencial<\/em><\/p>\n\n\n\n<p>Por Bruno Bocchini &#8211; rep\u00f3rter da Ag\u00eancia Brasil \/ Foto: Edmar Chaperman\/Funasa<br><\/p>\n\n\n\n<p>O Brasil reciclou 410 mil toneladas de embalagens PET em 2024, montante 14% superior \u00e0s 359 mil toneladas recicladas 2022, segundo a 13\u00aa edi\u00e7\u00e3o do Censo da Reciclagem do PET no Brasil, divulgado nesta segunda-feira (24) pela Associa\u00e7\u00e3o Brasileira da Ind\u00fastria do PET (Abipet).<img decoding=\"async\" src=\"https:\/\/agenciabrasil.ebc.com.br\/ebc.png?id=1635768&amp;o=node\"><img decoding=\"async\" src=\"https:\/\/agenciabrasil.ebc.com.br\/ebc.gif?id=1635768&amp;o=node\"><\/p>\n\n\n\n<p>Apesar do resultado positivo, a entidade ressalvou que&nbsp;<strong>a falta de pol\u00edticas p\u00fablicas de coleta seletiva dificulta a destina\u00e7\u00e3o correta das embalagens descartadas pelos consumidores<\/strong>, o que est\u00e1 gerando ociosidade no setor.&nbsp;<\/p>\n\n\n\n<blockquote class=\"wp-block-quote is-layout-flow wp-block-quote-is-layout-flow\">\n<p>\u201cAs empresas recicladoras chegam a atuar com uma ociosidade m\u00e9dia de 23%, chegando a picos de at\u00e9 40%\u201d,&nbsp; destaca o presidente da Abipet, Auri Mar\u00e7on. \u201cCom isso,&nbsp;<strong>a ind\u00fastria de reciclagem do PET est\u00e1 chegando no seu limite, por n\u00e3o ter a mat\u00e9ria-prima necess\u00e1ria para seus processos produtivos<\/strong>, ao mesmo tempo em que toneladas de embalagens s\u00e3o destinadas aos aterros comuns ou descartadas incorretamente no meio ambiente\u201d, acrescenta.<\/p>\n<\/blockquote>\n\n\n\n<h2 class=\"wp-block-heading\">Destino das PETs recicladas<\/h2>\n\n\n\n<p>De acordo com o censo, em 2024, o principal destino da resina reciclada das PETs \u2013 37% do total \u2013 foi a fabrica\u00e7\u00e3o de uma nova embalagem, utilizada principalmente pela ind\u00fastria de \u00e1gua, refrigerantes, energ\u00e9ticos e outras bebidas n\u00e3o alco\u00f3licas. O setor t\u00eaxtil vem em segundo lugar, com um consumo de 24% da resina reciclada, seguido pela ind\u00fastria qu\u00edmica (13%), l\u00e2minas e chapas (13%), e fitas de arquear, utilizadas em empacotamento e fechamento de caixas (10%).<\/p>\n","protected":false},"excerpt":{"rendered":"<p>Mesmo assim, reciclagem ainda est\u00e1 abaixo do potencial Por Bruno Bocchini &#8211; rep\u00f3rter da Ag\u00eancia<\/p>\n","protected":false},"author":2,"featured_media":101309,"comment_status":"open","ping_status":"open","sticky":false,"template":"","format":"standard","meta":{"footnotes":""},"categories":[17],"tags":[],"class_list":["post-101308","post","type-post","status-publish","format-standard","has-post-thumbnail","hentry","category-outras-noticias"],"_links":{"self":[{"href":"https:\/\/tvc16.com\/portal\/wp-json\/wp\/v2\/posts\/101308","targetHints":{"allow":["GET"]}}],"collection":[{"href":"https:\/\/tvc16.com\/portal\/wp-json\/wp\/v2\/posts"}],"about":[{"href":"https:\/\/tvc16.com\/portal\/wp-json\/wp\/v2\/types\/post"}],"author":[{"embeddable":true,"href":"https:\/\/tvc16.com\/portal\/wp-json\/wp\/v2\/users\/2"}],"replies":[{"embeddable":true,"href":"https:\/\/tvc16.com\/portal\/wp-json\/wp\/v2\/comments?post=101308"}],"version-history":[{"count":1,"href":"https:\/\/tvc16.com\/portal\/wp-json\/wp\/v2\/posts\/101308\/revisions"}],"predecessor-version":[{"id":101310,"href":"https:\/\/tvc16.com\/portal\/wp-json\/wp\/v2\/posts\/101308\/revisions\/101310"}],"wp:featuredmedia":[{"embeddable":true,"href":"https:\/\/tvc16.com\/portal\/wp-json\/wp\/v2\/media\/101309"}],"wp:attachment":[{"href":"https:\/\/tvc16.com\/portal\/wp-json\/wp\/v2\/media?parent=101308"}],"wp:term":[{"taxonomy":"category","embeddable":true,"href":"https:\/\/tvc16.com\/portal\/wp-json\/wp\/v2\/categories?post=101308"},{"taxonomy":"post_tag","embeddable":true,"href":"https:\/\/tvc16.com\/portal\/wp-json\/wp\/v2\/tags?post=101308"}],"curies":[{"name":"wp","href":"https:\/\/api.w.org\/{rel}","templated":true}]}}