{"id":101320,"date":"2025-03-25T13:17:25","date_gmt":"2025-03-25T16:17:25","guid":{"rendered":"https:\/\/tvc16.com\/portal\/?p=101320"},"modified":"2025-03-25T16:39:48","modified_gmt":"2025-03-25T19:39:48","slug":"pavao-misterioso-estreia-no-sesc-rj-pulsar","status":"publish","type":"post","link":"https:\/\/tvc16.com\/portal\/2025\/03\/25\/pavao-misterioso-estreia-no-sesc-rj-pulsar\/","title":{"rendered":"\u201cPav\u00e3o Misterioso\u201d estreia no Sesc Rj Pulsar"},"content":{"rendered":"\n<p>Livremente inspirado no \u201c<em>Romance do Pav\u00e3o Misterioso<\/em>\u201d, um dos textos mais famosos da literatura de cordel escrito por<strong> Jos\u00e9 Camelo de Melo Rezende<\/strong> em 1923, o espet\u00e1culo de dan\u00e7a <strong>\u201cPav\u00e3o Misterioso\u201d<\/strong> estreia por cidades fluminenses atrav\u00e9s do <strong>Edital de Cultura Sesc RJ Pulsar<\/strong>. Com dramaturgia de <strong>Dione Carlos<\/strong>, dire\u00e7\u00e3o assinada por <strong>M\u00f4nica Augusto<\/strong> e codire\u00e7\u00e3o de <strong>Mirella Fa\u00e7anha<\/strong>, , a montagem que acabou de realizar uma turn\u00ea de sucesso em S\u00e3o Paulo coloca em cena outros pontos de vista a partir da narrativa original: no cordel, Evangelista se apaixona por Creuza, considerada a mulher mais linda do mundo, mantida em cativeiro pelo pr\u00f3prio pai. Para libert\u00e1-la, constr\u00f3i um pav\u00e3o voador com o intuito de fugir com a amada. O espet\u00e1culo realizado pela <strong>Cia. Dual<\/strong> estreia no dia<strong> 14 de mar\u00e7o<\/strong> no<strong> Sesc Niter\u00f3i, <\/strong>\u00e0s<strong> 19h<\/strong> e no<strong> dia 15 de mar\u00e7o <\/strong>desembarca<strong> <\/strong>no<strong> Sesc Nova Friburgo, <\/strong>\u00e0s<strong> 20h<\/strong>. Em seguida, apresenta-se dia<strong> 27 de mar\u00e7o<\/strong> no <strong>Sesc Barra Mansa <\/strong>e no <strong>Sesc Ramos no dia 28 de mar\u00e7o<\/strong>.&nbsp; No dia<strong> 29 de mar\u00e7o<\/strong>, a apresenta\u00e7\u00e3o ser\u00e1 <strong>Petr\u00f3polis<\/strong>, no<strong> Sesc Quitandinha<\/strong>, e o<strong> <\/strong>circuito se encerra no dia<strong> 05 de abril <\/strong>no<strong> Sesc Teres\u00f3polis.&nbsp;<\/strong><\/p>\n\n\n\n<p>Nesta releitura c\u00eanica, que mistura dan\u00e7a e teatro de bonecos, temos Creuza na pele de uma mulher negra, descendente quilombola que, no lugar de ser salva, busca sua pr\u00f3pria liberdade de amarras sociais impostas, chegando inclusive a confrontar a presen\u00e7a de Evangelista no papel de salvador. \u00c9 a partir deste encontro conflituoso que Evangelista tamb\u00e9m passa a questionar o g\u00eanero masculino e toda a estrutura que o beneficia. Creuza, por sua vez, traz um quilombo em seu corpo, sua presen\u00e7a instaura um territ\u00f3rio de lutas e pot\u00eancias. \u201cApresentar ao p\u00fablico uma obra art\u00edstica capaz de contar hist\u00f3rias, despertar mem\u00f3rias, refletir sobre nosso tempo e emocionar atrav\u00e9s de po\u00e9ticas de imagina\u00e7\u00e3o e fantasia, \u00e9 a desejo e escolha est\u00e9tica da Dual desde seu princ\u00edpio\u201d explica a diretora <strong>M\u00f4nica Augusto<\/strong>.&nbsp;<\/p>\n\n\n\n<p>Em cena, os int\u00e9rpretes <strong>Ivan Bernardelli<\/strong>, <strong>Ver\u00f4nica Santos<\/strong> e um boneco de pav\u00e3o, criado por <strong>Andr\u00e9 Mello<\/strong>, estabelecem jogos c\u00eanicos e de movimento por meio dos quais a narrativa \u00e9 contada. Assim, a encena\u00e7\u00e3o \u00e9 um jogo no qual as cenas que fazem parte da hist\u00f3ria s\u00e3o realizadas de modos diferentes a cada apresenta\u00e7\u00e3o, propondo um labirinto narrativo no qual diferentes tempos convergem e no qual saltamos de uma camada de realidade para a outra, convidando o p\u00fablico a decifrar as narrativas e construir a hist\u00f3ria por meio do jogo c\u00eanico e improvisacional. \u201cA magia e encanto do boneco, a poesia viva da literatura de cordel e a pot\u00eancia dos corpos contando essa hist\u00f3ria \u00e9 o que propomos para experienciar este espet\u00e1culo, que nos convida a mergulhar em territ\u00f3rios de mist\u00e9rios, desafios, amor e liberdade!\u201d, reitera M\u00f4nica.&nbsp;&nbsp;<\/p>\n\n\n\n<p>A ideia de labirinto narrativo \u00e9 a pr\u00f3pria metodologia de cria\u00e7\u00e3o c\u00eanica, que lida com a intui\u00e7\u00e3o e com uma abertura radical das escutas do corpo, do espa\u00e7o, do ritmo e das presen\u00e7as vis\u00edveis e invis\u00edveis, o que a diretora M\u00f4nica Augusto nomeia como uma <strong>tecnologia dos mist\u00e9rios. <\/strong>A parceria com a dramaturga <strong>Dione Carlos<\/strong> prop\u00f5e um trabalho alicer\u00e7ado numa dramaturgia escrita em di\u00e1logo com as partituras corporais criadas, cujas palavras inspiraram novos movimentos, evocando a ideia de uma afrografia, de grafia gestual. O erotismo presente no trabalho est\u00e1 longe de uma perspectiva superficial convencionalmente suposta como er\u00f3tica, mas simboliza uma forma de insurg\u00eancia, como se o corpo afirmasse: estou vivo!<\/p>\n\n\n\n<p>A trilha sonora original de <strong>Feliz Trovoada<\/strong>, que conta tamb\u00e9m com m\u00fasicas de <strong>Di Freitas<\/strong>, <strong>indicada ao Pr\u00eamio APCA 2024<\/strong>, assim como a ilumina\u00e7\u00e3o de <strong>Silviane Ticher<\/strong>, participam do jogo c\u00eanico numa composi\u00e7\u00e3o em tempo real, improvisando junto com os int\u00e9rpretes, propondo dramaturgias e atmosferas que transitam entre a densidade e o humor caracter\u00edstico dos trabalhos da companhia, evocando a interdisciplinaridade entre linguagens, presente desde o in\u00edcio da forma\u00e7\u00e3o da Dual.<\/p>\n\n\n\n<p>\u201cEstamos profundamente felizes e ansiosos com esta temporada de estreia pelo Circuito Sesc Pulsar. A oportunidade de apresentar em diferentes cidades do Rio de Janeiro \u00e9 sem d\u00favidas um convite instigante que nos motiva a compartilhar e compreender como o p\u00fablico de cada local recebe essas obras e narrativa. \u00c9 tamb\u00e9m, sempre, um desafio gostoso nos preparar para entregar um trabalho vivo e pulsante, capaz de envolver e emocionar os diferentes p\u00fablicos em suas singularidades culturais e de territ\u00f3rio\u201d, comemora M\u00f4nica.&nbsp;<\/p>\n\n\n\n<p><strong>SINOPSE<\/strong><strong>:<\/strong><\/p>\n\n\n\n<p>O espet\u00e1culo \u201cPav\u00e3o Misterioso\u201d \u00e9 um convite para um quilombo m\u00edstico, territ\u00f3rio de pot\u00eancia e liberdade. Mas para que possamos prosseguir, e para que seus mil olhos despertem e possam verdadeiramente enxergar as encantarias dos mist\u00e9rios, o Pav\u00e3o ter\u00e1 de morrer&#8230; e renascer novamente a todo o tempo em canto, dan\u00e7a e festa.<\/p>\n\n\n\n<p><strong>FICHA T\u00c9CNICA<\/strong><strong>:<\/strong><\/p>\n\n\n\n<p><strong>Dire\u00e7\u00e3o: <\/strong>M\u00f4nica Augusto<\/p>\n\n\n\n<p><strong>CoDire\u00e7\u00e3o e Prepara\u00e7\u00e3o Corporal:<\/strong> Mirella Fa\u00e7anha<\/p>\n\n\n\n<p><strong>Dramaturgia: <\/strong>Dione Carlos<\/p>\n\n\n\n<p><strong>Int\u00e9rpretes: <\/strong>Ivan Bernardelli e Ver\u00f4nica Santos<\/p>\n\n\n\n<p><strong>Bonecos: <\/strong>Andr\u00e9 Mello<\/p>\n\n\n\n<p><strong>Composi\u00e7\u00e3o Sonora: <\/strong>Feliz Trovoada<\/p>\n\n\n\n<p><strong>M\u00fasica Original:<\/strong> Di Freitas e Feliz Trovoada<\/p>\n\n\n\n<p><strong>Ilumina\u00e7\u00e3o:<\/strong> Cic Morais<\/p>\n\n\n\n<p><strong>Assessoria Cont\u00e1bil e Financeira:<\/strong> Juliana Rampinelli Calero \u2013 JRC<\/p>\n\n\n\n<p><strong>Identidade Visual<\/strong>: B\u00e1rbara Ghirello e Ivan Bernardelli<\/p>\n\n\n\n<p><strong>Produ\u00e7\u00e3o<\/strong>: Corpo Rastreado \u2013 Let\u00edcia Alves<\/p>\n\n\n\n<p><strong>Assessoria de Imprensa:<\/strong> Marrom Glac\u00ea Comunica\u00e7\u00e3o&nbsp;<\/p>\n\n\n\n<p><strong>Classifica\u00e7\u00e3o Indicativa: <\/strong>Livre<\/p>\n\n\n\n<p><strong>Dura\u00e7\u00e3o:<\/strong> 50 minutos<\/p>\n\n\n\n<p><strong>SERVI\u00c7O \/ SESC QUITANDINHA:<br><\/strong>Data: 29 de mar\u00e7o &#8211; s\u00e1bado<br>Hor\u00e1rio: 20h<br>Endere\u00e7o: Av. Joaquim Rolla, 2 &#8211; Quitandinha \u2013 Petr\u00f3polis \/ RJ<br>Ingressos: R$ 15 (p\u00fablico em geral), R$ 7,50 (conveniado e meia entrada para casos previstos por lei, estendida a professores e classe art\u00edstica, mediante apresenta\u00e7\u00e3o de registro profissional), R$ 5 (comerci\u00e1rio e dependentes), Gratuito (PCG)<\/p>\n\n\n\n<p><strong>SERVI\u00c7O \/ NITER\u00d3I:<\/strong><\/p>\n\n\n\n<p><strong>Data:<\/strong> 14 de mar\u00e7o<\/p>\n\n\n\n<p><strong>Hor\u00e1rio: <\/strong>19h<\/p>\n\n\n\n<p><strong>Valores:<\/strong> R$ 15 (p\u00fablico em geral), R$ 7,50 (conveniado e meia entrada para casos previstos por lei, estendida a professores e classe art\u00edstica, mediante apresenta\u00e7\u00e3o de registro profissional), R$ 5 (comerci\u00e1rio e dependentes), Gratuito (PCG)<\/p>\n\n\n\n<p>As vendas acontecem na semana do espet\u00e1culo e s\u00e3o feitas diretamente no caixa da unidade.<\/p>\n\n\n\n<p>N\u00e3o vendemos online.<\/p>\n\n\n\n<p><strong>SERVI\u00c7O \/ NOVA FRIBURGO:<\/strong><\/p>\n\n\n\n<p><strong>Data:<\/strong> 15 de mar\u00e7o<\/p>\n\n\n\n<p><strong>Hor\u00e1rio: <\/strong>20h<\/p>\n\n\n\n<p><strong>Valores:<\/strong> R$ 15 (inteira), R$ 7,50 (meia entrada para casos previstos por lei, estendida a professores e classe art\u00edstica mediante apresenta\u00e7\u00e3o de registro profissional e programa Mesa Brasil), R$ 7,50 (conv\u00eanio), R$ 5 (credencial plena), gratuito (crian\u00e7as e adolescentes de at\u00e9 16 anos&nbsp; e p\u00fablico PCG).<\/p>\n","protected":false},"excerpt":{"rendered":"<p>Livremente inspirado no \u201cRomance do Pav\u00e3o Misterioso\u201d, um dos textos mais famosos da literatura de<\/p>\n","protected":false},"author":2,"featured_media":101321,"comment_status":"open","ping_status":"open","sticky":false,"template":"","format":"standard","meta":{"footnotes":""},"categories":[17],"tags":[],"class_list":["post-101320","post","type-post","status-publish","format-standard","has-post-thumbnail","hentry","category-outras-noticias"],"_links":{"self":[{"href":"https:\/\/tvc16.com\/portal\/wp-json\/wp\/v2\/posts\/101320","targetHints":{"allow":["GET"]}}],"collection":[{"href":"https:\/\/tvc16.com\/portal\/wp-json\/wp\/v2\/posts"}],"about":[{"href":"https:\/\/tvc16.com\/portal\/wp-json\/wp\/v2\/types\/post"}],"author":[{"embeddable":true,"href":"https:\/\/tvc16.com\/portal\/wp-json\/wp\/v2\/users\/2"}],"replies":[{"embeddable":true,"href":"https:\/\/tvc16.com\/portal\/wp-json\/wp\/v2\/comments?post=101320"}],"version-history":[{"count":2,"href":"https:\/\/tvc16.com\/portal\/wp-json\/wp\/v2\/posts\/101320\/revisions"}],"predecessor-version":[{"id":101332,"href":"https:\/\/tvc16.com\/portal\/wp-json\/wp\/v2\/posts\/101320\/revisions\/101332"}],"wp:featuredmedia":[{"embeddable":true,"href":"https:\/\/tvc16.com\/portal\/wp-json\/wp\/v2\/media\/101321"}],"wp:attachment":[{"href":"https:\/\/tvc16.com\/portal\/wp-json\/wp\/v2\/media?parent=101320"}],"wp:term":[{"taxonomy":"category","embeddable":true,"href":"https:\/\/tvc16.com\/portal\/wp-json\/wp\/v2\/categories?post=101320"},{"taxonomy":"post_tag","embeddable":true,"href":"https:\/\/tvc16.com\/portal\/wp-json\/wp\/v2\/tags?post=101320"}],"curies":[{"name":"wp","href":"https:\/\/api.w.org\/{rel}","templated":true}]}}