{"id":101323,"date":"2025-03-26T05:00:00","date_gmt":"2025-03-26T08:00:00","guid":{"rendered":"https:\/\/tvc16.com\/portal\/?p=101323"},"modified":"2025-03-25T13:19:45","modified_gmt":"2025-03-25T16:19:45","slug":"deguste-de-abril-98a-edicao-realiza-tributo-com-homenagens-especiais","status":"publish","type":"post","link":"https:\/\/tvc16.com\/portal\/2025\/03\/26\/deguste-de-abril-98a-edicao-realiza-tributo-com-homenagens-especiais\/","title":{"rendered":"Deguste de abril: 98\u00aa edi\u00e7\u00e3o realiza tributo com homenagens especiais"},"content":{"rendered":"\n<p>Para celebrar a chegada do outono em grande estilo, a Deguste preparou uma programa\u00e7\u00e3o especial que marcar\u00e1 a 98\u00aa edi\u00e7\u00e3o da feira cervejeira mais famosa do estado: homenagens musicais para todos os gostos. A dica \u00e9 marcar na agenda e j\u00e1 combinar o encontro especial com os amigos para curtir nos dias 11 e 12 de abril na Pra\u00e7a da \u00c1guia, as novidades das cervejas artesanais, del\u00edcias gastron\u00f4micas e m\u00fasica da melhor qualidade.<\/p>\n\n\n\n<p>\u201cNossa contagem regressiva continua e estamos chegando \u00e0 100\u00aa edi\u00e7\u00e3o, que est\u00e1 sendo planejada com muita dedica\u00e7\u00e3o. At\u00e9 l\u00e1, a melhor escolha \u00e9 conferir de perto a edi\u00e7\u00e3o de abril que promete anima\u00e7\u00e3o e encanto com os nossos parceiros cervejeiros\u201d, garante o idealizador da Deguste, Rodrigo Duarte.<\/p>\n\n\n\n<p>Al\u00e9m de homenagens a bandas marcantes do rock, um show especial ao som das m\u00fasicas de Mar\u00edlia Mendon\u00e7a. \u201cAs edi\u00e7\u00f5es Tributo da Deguste s\u00e3o destaques na programa\u00e7\u00e3o anual, com repert\u00f3rio especialmente selecionado e participa\u00e7\u00e3o de artistas que mostram todo o talento petropolitano. Continuamos incentivando nossa cultura, mostrando a import\u00e2ncia do setor cervejeiro para o nosso turismo e conquistando mais seguidores para a Deguste, Patrim\u00f4nio Cultural Imaterial de Petr\u00f3polis\u201d, ressalta a produtora da Deguste, Gabrielle Rosendo.<\/p>\n\n\n\n<p><em>Temporada de Montanhismo<\/em><\/p>\n\n\n\n<p>A Pra\u00e7a da \u00c1guia tamb\u00e9m vai ser o palco da abertura da Temporada de Montanhismo. Nos dois dias de Deguste, os visitantes poder\u00e3o conferir as tendas com informa\u00e7\u00f5es sobre a pr\u00e1tica e at\u00e9 muro de escalada. No Centro de Cultura Raul de Leoni, palestras e exposi\u00e7\u00e3o de fotos.<\/p>\n\n\n\n<p><strong>Confira a programa\u00e7\u00e3o:<\/strong><\/p>\n\n\n\n<p><em>Sexta-feira (11\/04):<\/em><\/p>\n\n\n\n<p>20h30 &#8211; Tributo \/ Mar\u00edlia Mendon\u00e7a com Ashley Mello<\/p>\n\n\n\n<p><em>S\u00e1bado (12\/04):<\/em><\/p>\n\n\n\n<p>15h30 &#8211; Tributo \/ Bar\u00e3o Vermelho com Tris\u00f4nica<\/p>\n\n\n\n<p>18h30 &#8211; Tributo \/ Red Hot Chili Peppers com Oders\u00e1idi<\/p>\n\n\n\n<p>21h &#8211; Tributo \/ Legi\u00e3o Urbana com Concreto Humano<\/p>\n\n\n\n<p>Todas as informa\u00e7\u00f5es sobre a 98\u00aa edi\u00e7\u00e3o podem ser conferidas no&nbsp;<a rel=\"noreferrer noopener\" target=\"_blank\" href=\"https:\/\/na01.safelinks.protection.outlook.com\/?url=https%3A%2F%2Fwww.instagram.com%2Ffeiradeguste%3Figsh%3DMWRmdmVnOHhpOTJ0eA%3D%3D&amp;data=05%7C02%7C%7C044866e08d5a4f5d1d3408dd6b8fcf06%7C84df9e7fe9f640afb435aaaaaaaaaaaa%7C1%7C0%7C638784987625258745%7CUnknown%7CTWFpbGZsb3d8eyJFbXB0eU1hcGkiOnRydWUsIlYiOiIwLjAuMDAwMCIsIlAiOiJXaW4zMiIsIkFOIjoiTWFpbCIsIldUIjoyfQ%3D%3D%7C0%7C%7C%7C&amp;sdata=0ncqOup6HSr0bndtcn1tT3chQNMRZwISlTkjcRwlsBE%3D&amp;reserved=0\">Instagram oficial.<\/a><\/p>\n\n\n\n<p>Incentivo: Funarj<\/p>\n\n\n\n<p>Apoio Institucional: Secretaria de Cultura e Economia Criativa, Governo do Estado do Rio de Janeiro e Prefeitura de Petr\u00f3polis.<\/p>\n","protected":false},"excerpt":{"rendered":"<p>Para celebrar a chegada do outono em grande estilo, a Deguste preparou uma programa\u00e7\u00e3o especial<\/p>\n","protected":false},"author":2,"featured_media":101324,"comment_status":"open","ping_status":"open","sticky":false,"template":"","format":"standard","meta":{"footnotes":""},"categories":[12],"tags":[],"class_list":["post-101323","post","type-post","status-publish","format-standard","has-post-thumbnail","hentry","category-cidade"],"_links":{"self":[{"href":"https:\/\/tvc16.com\/portal\/wp-json\/wp\/v2\/posts\/101323","targetHints":{"allow":["GET"]}}],"collection":[{"href":"https:\/\/tvc16.com\/portal\/wp-json\/wp\/v2\/posts"}],"about":[{"href":"https:\/\/tvc16.com\/portal\/wp-json\/wp\/v2\/types\/post"}],"author":[{"embeddable":true,"href":"https:\/\/tvc16.com\/portal\/wp-json\/wp\/v2\/users\/2"}],"replies":[{"embeddable":true,"href":"https:\/\/tvc16.com\/portal\/wp-json\/wp\/v2\/comments?post=101323"}],"version-history":[{"count":1,"href":"https:\/\/tvc16.com\/portal\/wp-json\/wp\/v2\/posts\/101323\/revisions"}],"predecessor-version":[{"id":101325,"href":"https:\/\/tvc16.com\/portal\/wp-json\/wp\/v2\/posts\/101323\/revisions\/101325"}],"wp:featuredmedia":[{"embeddable":true,"href":"https:\/\/tvc16.com\/portal\/wp-json\/wp\/v2\/media\/101324"}],"wp:attachment":[{"href":"https:\/\/tvc16.com\/portal\/wp-json\/wp\/v2\/media?parent=101323"}],"wp:term":[{"taxonomy":"category","embeddable":true,"href":"https:\/\/tvc16.com\/portal\/wp-json\/wp\/v2\/categories?post=101323"},{"taxonomy":"post_tag","embeddable":true,"href":"https:\/\/tvc16.com\/portal\/wp-json\/wp\/v2\/tags?post=101323"}],"curies":[{"name":"wp","href":"https:\/\/api.w.org\/{rel}","templated":true}]}}