{"id":101329,"date":"2025-03-25T13:26:02","date_gmt":"2025-03-25T16:26:02","guid":{"rendered":"https:\/\/tvc16.com\/portal\/?p=101329"},"modified":"2025-03-25T13:26:04","modified_gmt":"2025-03-25T16:26:04","slug":"presidente-do-detran-rj-tranquiliza-candidatos-a-primeira-habilitacao-e-avisa-que-aulas-teoricas-a-distancia-serao-mantidas","status":"publish","type":"post","link":"https:\/\/tvc16.com\/portal\/2025\/03\/25\/presidente-do-detran-rj-tranquiliza-candidatos-a-primeira-habilitacao-e-avisa-que-aulas-teoricas-a-distancia-serao-mantidas\/","title":{"rendered":"Presidente do Detran.RJ tranquiliza candidatos \u00e0 primeira habilita\u00e7\u00e3o e avisa que aulas te\u00f3ricas a dist\u00e2ncia ser\u00e3o mantidas"},"content":{"rendered":"\n<p>O presidente do Detran.RJ, Vinicius Farah, determinou nesta segunda-feira (24\/3) que seja mantida a autoriza\u00e7\u00e3o para que as autoescolas ministrem aulas te\u00f3ricas a dist\u00e2ncia aos alunos que est\u00e3o fazendo curso para tirar a primeira carteira de habilita\u00e7\u00e3o. Farah tranquilizou os alunos e anunciou que, enquanto n\u00e3o houver nova resolu\u00e7\u00e3o do Conselho Nacional de Tr\u00e2nsito (Contran) sobre este assunto, o modelo de aulas a dist\u00e2ncia n\u00e3o ser\u00e1 modificado.<\/p>\n\n\n\n<p>&#8220;Quero refor\u00e7ar para todos os alunos que est\u00e3o fazendo aulas remotas: fiquem tranquilos, pois o ensino a dist\u00e2ncia ser\u00e1 mantido. Ao longo da semana, recebi in\u00fameras mensagens de pessoas preocupadas com a possibilidade de o Detran suspender essa modalidade. Quero deixar claro que, seguindo a diretriz do governador Cl\u00e1udio Castro de facilitar a vida da popula\u00e7\u00e3o, as aulas te\u00f3ricas online continuar\u00e3o dispon\u00edveis nas autoescolas&#8221;, afirmou Farah.<\/p>\n\n\n\n<p>O presidente informou que teve reuni\u00e3o com representantes de autoescolas, incluindo o presidente do sindicato do setor, e entendeu que, enquanto o Contran n\u00e3o se manifestar sobre o assunto, vale a decis\u00e3o de n\u00e3o proibir o ensino te\u00f3rico a dist\u00e2ncia. \u201c\u00c9 um novo Detran se preocupando e melhorando a vida do cidad\u00e3o fluminense\u201d, afirmou Farah.<\/p>\n\n\n\n<p>O curso te\u00f3rico de primeira habilita\u00e7\u00e3o na modalidade de ensino a dist\u00e2ncia foi regulamentado durante a pandemia de Covid. Desde ent\u00e3o, n\u00e3o houve nova manifesta\u00e7\u00e3o da Secretaria Nacional de Tr\u00e2nsito (Senatran) sobre o assunto. No Estado do Rio, o ensino a dist\u00e2ncia vem apresentando bom desempenho.<\/p>\n","protected":false},"excerpt":{"rendered":"<p>O presidente do Detran.RJ, Vinicius Farah, determinou nesta segunda-feira (24\/3) que seja mantida a autoriza\u00e7\u00e3o<\/p>\n","protected":false},"author":2,"featured_media":101330,"comment_status":"open","ping_status":"open","sticky":false,"template":"","format":"standard","meta":{"footnotes":""},"categories":[17],"tags":[],"class_list":["post-101329","post","type-post","status-publish","format-standard","has-post-thumbnail","hentry","category-outras-noticias"],"_links":{"self":[{"href":"https:\/\/tvc16.com\/portal\/wp-json\/wp\/v2\/posts\/101329","targetHints":{"allow":["GET"]}}],"collection":[{"href":"https:\/\/tvc16.com\/portal\/wp-json\/wp\/v2\/posts"}],"about":[{"href":"https:\/\/tvc16.com\/portal\/wp-json\/wp\/v2\/types\/post"}],"author":[{"embeddable":true,"href":"https:\/\/tvc16.com\/portal\/wp-json\/wp\/v2\/users\/2"}],"replies":[{"embeddable":true,"href":"https:\/\/tvc16.com\/portal\/wp-json\/wp\/v2\/comments?post=101329"}],"version-history":[{"count":1,"href":"https:\/\/tvc16.com\/portal\/wp-json\/wp\/v2\/posts\/101329\/revisions"}],"predecessor-version":[{"id":101331,"href":"https:\/\/tvc16.com\/portal\/wp-json\/wp\/v2\/posts\/101329\/revisions\/101331"}],"wp:featuredmedia":[{"embeddable":true,"href":"https:\/\/tvc16.com\/portal\/wp-json\/wp\/v2\/media\/101330"}],"wp:attachment":[{"href":"https:\/\/tvc16.com\/portal\/wp-json\/wp\/v2\/media?parent=101329"}],"wp:term":[{"taxonomy":"category","embeddable":true,"href":"https:\/\/tvc16.com\/portal\/wp-json\/wp\/v2\/categories?post=101329"},{"taxonomy":"post_tag","embeddable":true,"href":"https:\/\/tvc16.com\/portal\/wp-json\/wp\/v2\/tags?post=101329"}],"curies":[{"name":"wp","href":"https:\/\/api.w.org\/{rel}","templated":true}]}}