{"id":101334,"date":"2025-03-25T16:45:02","date_gmt":"2025-03-25T19:45:02","guid":{"rendered":"https:\/\/tvc16.com\/portal\/?p=101334"},"modified":"2025-03-25T16:45:04","modified_gmt":"2025-03-25T19:45:04","slug":"preco-dos-alimentos-vai-baixar-nos-proximos-60-dias-diz-ministra","status":"publish","type":"post","link":"https:\/\/tvc16.com\/portal\/2025\/03\/25\/preco-dos-alimentos-vai-baixar-nos-proximos-60-dias-diz-ministra\/","title":{"rendered":"Pre\u00e7o dos alimentos vai baixar nos pr\u00f3ximos 60 dias, diz ministra"},"content":{"rendered":"\n<p>Os pre\u00e7os dos alimentos devem baixar j\u00e1 nos pr\u00f3ximos 60 dias, gra\u00e7as \u00e0s medidas que v\u00eam sendo adotadas pelo governo federal. A afirma\u00e7\u00e3o foi feita nesta ter\u00e7a-feira (25) pela ministra do Planejamento, Or\u00e7amento e Gest\u00e3o, Simone Tebet, durante o programa<strong>&nbsp;Bom Dia, Ministra,&nbsp;<\/strong>produzido pela<strong>&nbsp;Empresa Brasil de Comunica\u00e7\u00e3o (EBC).<\/strong><img decoding=\"async\" src=\"https:\/\/agenciabrasil.ebc.com.br\/ebc.png?id=1635872&amp;o=node\"><img decoding=\"async\" src=\"https:\/\/agenciabrasil.ebc.com.br\/ebc.gif?id=1635872&amp;o=node\"><\/p>\n\n\n\n<figure class=\"wp-block-image\"><img loading=\"lazy\" decoding=\"async\" width=\"463\" height=\"309\" src=\"https:\/\/tvc16.com\/portal\/wp-content\/uploads\/2025\/03\/bdm_simone-tebet_mcamgo_abr_25032025-4.webp\" alt=\"Bras\u00edlia (DF), 25\/03\/2025 - A ministra do Planejamento, Simone Tebet, participa do programa Bom Dia, Ministra. Foto: Marcelo Camargo\/Ag\u00eancia Brasil\" class=\"wp-image-101336\" title=\"Marcelo Camargo\/Ag\u00eancia Brasil\" srcset=\"https:\/\/tvc16.com\/portal\/wp-content\/uploads\/2025\/03\/bdm_simone-tebet_mcamgo_abr_25032025-4.webp 463w, https:\/\/tvc16.com\/portal\/wp-content\/uploads\/2025\/03\/bdm_simone-tebet_mcamgo_abr_25032025-4-300x200.webp 300w\" sizes=\"auto, (max-width: 463px) 100vw, 463px\" \/><\/figure>\n\n\n\n<h6 class=\"wp-block-heading\">A ministra do Planejamento, Simone Tebet, participa do programa Bom Dia, Ministra. Foto:&nbsp;<strong>Marcelo Camargo\/Ag\u00eancia Brasil<\/strong><\/h6>\n\n\n\n<p>De acordo com Tebet, a<strong>&nbsp;alta de pre\u00e7os se deve a fatores como mudan\u00e7as clim\u00e1ticas e quebras de safra, inclusive em outros pa\u00edses produtores<\/strong>.<\/p>\n\n\n\n<blockquote class=\"wp-block-quote is-layout-flow wp-block-quote-is-layout-flow\">\n<p>\u201cOs alimentos que mais subiram s\u00e3o aqueles produtos que s\u00e3o mais caros para o cora\u00e7\u00e3o ou para o paladar do povo brasileiro, que \u00e9 o ovo, o caf\u00e9\u201d, disse Tebet. Mas na safra do ano que vem teremos al\u00edvio. O agroneg\u00f3cio brasileiro esse ano vem muito forte e dar\u00e1, inclusive, sustentabilidade ao nosso PIB. Ouso dizer que vamos crescer acima das proje\u00e7\u00f5es que n\u00f3s mesmos estamos fazendo, porque teremos uma safra muito forte que vai ajudar no crescimento, na gera\u00e7\u00e3o de emprego e renda e no barateamento dos alimentos\u201d, argumentou.<\/p>\n<\/blockquote>\n\n\n\n<h2 class=\"wp-block-heading\">Medidas<\/h2>\n\n\n\n<p>Segundo a ministra, o governo tem adotado \u201cas medidas certas, na medida certa\u201d, para, no futuro, conseguir baixar o pre\u00e7o dos alimentos.<\/p>\n\n\n\n<blockquote class=\"wp-block-quote is-layout-flow wp-block-quote-is-layout-flow\">\n<p>\u201cSeria muito perigoso segurar o pre\u00e7o agora para, depois de seis meses ou um ano, o pre\u00e7o explodir\u201d, complementou ao garantir que \u201cem 60 dias, os pre\u00e7os come\u00e7am a cair no supermercado\u201d.<\/p>\n<\/blockquote>\n\n\n\n<p>Entre as medidas elogiadas pela ministra est\u00e3o algumas implementadas pelo Minist\u00e9rio da Agricultura, Pecu\u00e1ria e Abastecimento, visando a desburocratiza\u00e7\u00e3o de regras de comercializa\u00e7\u00e3o de alguns produtos, como ovo, entre diferentes unidades federativas, sem a necessidade de um selo nacional. Bastaria, segundo a ministra, a apresenta\u00e7\u00e3o, por exemplo, de um selo local.<\/p>\n\n\n\n<h2 class=\"wp-block-heading\">Estados<\/h2>\n\n\n\n<p><strong>Simone Tebet diz que os estados podem e devem colaborar para viabilizar uma queda no pre\u00e7o dos alimentos<\/strong>.<\/p>\n\n\n\n<blockquote class=\"wp-block-quote is-layout-flow wp-block-quote-is-layout-flow\">\n<p>\u201cAlguns estados n\u00e3o t\u00eam isen\u00e7\u00e3o de imposto dos ICMS na cesta b\u00e1sica. Tudo bem que n\u00e3o possa fazer pelo ano inteiro, porque isso impacta nas contas deles. Mas nada impede de darem [por um per\u00edodo espec\u00edfico] essa isen\u00e7\u00e3o, apertando o cinto. \u00c9 o que a gente faz, aqui, com os gastos p\u00fablicos. Com ajustes, cortes de sup\u00e9rfluos, combate a erros e fraudes. \u00c9 conter do lado que n\u00e3o n\u00e3o precisa, para ter do lado que precisa\u201d, acrescentou.<\/p>\n<\/blockquote>\n\n\n\n<p>Pedro Peduzzi &#8211; Rep\u00f3rter da Ag\u00eancia Brasil<br>Foto: \u00a9 Valter Campanato\/Ag\u00eancia Brasil<br><\/p>\n","protected":false},"excerpt":{"rendered":"<p>Os pre\u00e7os dos alimentos devem baixar j\u00e1 nos pr\u00f3ximos 60 dias, gra\u00e7as \u00e0s medidas que<\/p>\n","protected":false},"author":2,"featured_media":101335,"comment_status":"open","ping_status":"open","sticky":false,"template":"","format":"standard","meta":{"footnotes":""},"categories":[17],"tags":[],"class_list":["post-101334","post","type-post","status-publish","format-standard","has-post-thumbnail","hentry","category-outras-noticias"],"_links":{"self":[{"href":"https:\/\/tvc16.com\/portal\/wp-json\/wp\/v2\/posts\/101334","targetHints":{"allow":["GET"]}}],"collection":[{"href":"https:\/\/tvc16.com\/portal\/wp-json\/wp\/v2\/posts"}],"about":[{"href":"https:\/\/tvc16.com\/portal\/wp-json\/wp\/v2\/types\/post"}],"author":[{"embeddable":true,"href":"https:\/\/tvc16.com\/portal\/wp-json\/wp\/v2\/users\/2"}],"replies":[{"embeddable":true,"href":"https:\/\/tvc16.com\/portal\/wp-json\/wp\/v2\/comments?post=101334"}],"version-history":[{"count":1,"href":"https:\/\/tvc16.com\/portal\/wp-json\/wp\/v2\/posts\/101334\/revisions"}],"predecessor-version":[{"id":101337,"href":"https:\/\/tvc16.com\/portal\/wp-json\/wp\/v2\/posts\/101334\/revisions\/101337"}],"wp:featuredmedia":[{"embeddable":true,"href":"https:\/\/tvc16.com\/portal\/wp-json\/wp\/v2\/media\/101335"}],"wp:attachment":[{"href":"https:\/\/tvc16.com\/portal\/wp-json\/wp\/v2\/media?parent=101334"}],"wp:term":[{"taxonomy":"category","embeddable":true,"href":"https:\/\/tvc16.com\/portal\/wp-json\/wp\/v2\/categories?post=101334"},{"taxonomy":"post_tag","embeddable":true,"href":"https:\/\/tvc16.com\/portal\/wp-json\/wp\/v2\/tags?post=101334"}],"curies":[{"name":"wp","href":"https:\/\/api.w.org\/{rel}","templated":true}]}}