{"id":101341,"date":"2025-03-26T05:00:00","date_gmt":"2025-03-26T08:00:00","guid":{"rendered":"https:\/\/tvc16.com\/portal\/?p=101341"},"modified":"2025-03-25T16:50:07","modified_gmt":"2025-03-25T19:50:07","slug":"programa-de-alfabetizacao-e-letramento-de-jovens-e-adultos-esta-com-inscricoes-abertas-e-amplia-atuacao","status":"publish","type":"post","link":"https:\/\/tvc16.com\/portal\/2025\/03\/26\/programa-de-alfabetizacao-e-letramento-de-jovens-e-adultos-esta-com-inscricoes-abertas-e-amplia-atuacao\/","title":{"rendered":"Programa\u00a0de\u00a0Alfabetiza\u00e7\u00e3o e Letramento\u00a0de\u00a0Jovens e Adultos est\u00e1 com inscri\u00e7\u00f5es abertas e amplia atua\u00e7\u00e3o"},"content":{"rendered":"\n<p>O&nbsp;Programa&nbsp;de&nbsp;Alfabetiza\u00e7\u00e3o e Letramento&nbsp;de&nbsp;Jovens e Adultos do Instituto Yduqs, em parceria com a Est\u00e1cio e a Wyden, est\u00e1 com inscri\u00e7\u00f5es abertas para o primeiro semestre&nbsp;de&nbsp;2025. As aulas, gratuitas e com todo o material did\u00e1tico necess\u00e1rio inclu\u00eddo, ter\u00e3o in\u00edcio em abril. Esta edi\u00e7\u00e3o marca a amplia\u00e7\u00e3o do&nbsp;programa, que agora chega tamb\u00e9m \u00e0s cidades&nbsp;de&nbsp;S\u00e3o Luis (MA), Imperatriz (MA), Macei\u00f3 (AL), al\u00e9m de Cabo Frio, Resende&nbsp; e Campos dos Goytacazes (RJ). As inscri\u00e7\u00f5es podem ser realizadas at\u00e9 o dia 28&nbsp;de&nbsp;mar\u00e7o no site do instituto&nbsp;em&nbsp;<a rel=\"noreferrer noopener\" target=\"_blank\" href=\"https:\/\/na01.safelinks.protection.outlook.com\/?url=https%3A%2F%2Finstitutoyduqs.com.br%2Falfabetizacao%2F&amp;data=05%7C02%7C%7Cc6eacaa86fab4fb0e70d08dd6bcf25ae%7C84df9e7fe9f640afb435aaaaaaaaaaaa%7C1%7C0%7C638785259644062790%7CUnknown%7CTWFpbGZsb3d8eyJFbXB0eU1hcGkiOnRydWUsIlYiOiIwLjAuMDAwMCIsIlAiOiJXaW4zMiIsIkFOIjoiTWFpbCIsIldUIjoyfQ%3D%3D%7C0%7C%7C%7C&amp;sdata=CQcWQ34APzBGhPwRRROW3XkNZW%2Fs6yEUbjKuwHIi8TY%3D&amp;reserved=0\">institutoyduqs.com.br\/alfabetizacao<\/a>&nbsp;ou diretamente em um dos 22 institui\u00e7\u00f5es de ensino parceiras.<\/p>\n\n\n\n<p>\u201cConsolidamos a atua\u00e7\u00e3o do&nbsp;Programa&nbsp;de&nbsp;Alfabetiza\u00e7\u00e3o e Letramento&nbsp;de&nbsp;Jovens e Adultos e constru\u00edmos, com empatia, um importante legado para centenas&nbsp;de&nbsp;alfabetizados. No primeiro semestre&nbsp;de&nbsp;2025, expandimos nossa atua\u00e7\u00e3o inaugurando o&nbsp;programa&nbsp;em novas regi\u00f5es, contribuindo ainda mais para uma sociedade com mais dignidade e equidade\u201d, comemora Cl\u00e1udia Romano, presidente do Instituto Yduqs e vice-presidente do grupo educacional Yduqs, organiza\u00e7\u00e3o da qual a Est\u00e1cio faz parte.<\/p>\n\n\n\n<p>Com uma metodologia pr\u00f3pria&nbsp;desenvolvida para a alfabetiza\u00e7\u00e3o&nbsp;de&nbsp;jovens e adultos, o&nbsp;programa&nbsp;possui dois m\u00f3dulos, cada um com dura\u00e7\u00e3o&nbsp;de&nbsp;quatro meses. O m\u00f3dulo I capacita os alunos a ler e escrever pequenos textos, com compreens\u00e3o, al\u00e9m&nbsp;de&nbsp;resolver problemas matem\u00e1ticos simples. J\u00e1 o m\u00f3dulo II, tem por objeto o aperfei\u00e7oamento da leitura, interpreta\u00e7\u00e3o&nbsp;de&nbsp;texto&nbsp;de&nbsp;forma cr\u00edtica e escrita, acolhendo tamb\u00e9m o p\u00fablico que se enquadra no analfabetismo funcional. Os m\u00f3dulos s\u00e3o independentes e contam com monitores \u2013 alunos dos cursos superiores como Pedagogia, Letras, Hist\u00f3ria, Geografia e Matem\u00e1tica \u2013 e a participa\u00e7\u00e3o do corpo docente da institui\u00e7\u00e3o. As aulas, ministradas com \u00eanfase na afetividade e sensibilidade, ocorrem duas vezes por semana, com tr\u00eas horas&nbsp;de&nbsp;dura\u00e7\u00e3o cada.<\/p>\n\n\n\n<p>\u201cA cada conquista&nbsp;de&nbsp;um aluno alfabetizado,&nbsp;demonstramos que, apesar das dificuldades, a educa\u00e7\u00e3o \u00e9 a chave para uma vida melhor e mais independente para muitos brasileiros que s\u00f3 precisam da oportunidade certa. A cada semestre, queremos levar essa oportunidade para mais pessoas\u201d, afirma Cl\u00e1udia Romano.<\/p>\n\n\n\n<p>A iniciativa tem a atriz Malu Mader como madrinha e re\u00fane mais&nbsp;de&nbsp;70&nbsp;integrantes, entre coordenadores, professores e monitores dos cursos&nbsp;de&nbsp;licenciaturas da Est\u00e1cio. Ao todo, o&nbsp;programa&nbsp;j\u00e1 atendeu mais&nbsp;de&nbsp;2000 alfabetizados na faixa et\u00e1ria entre 30 e 70 anos, combatendo o analfabetismo nas comunidades do entorno dos campi&nbsp;de&nbsp;ensino da Est\u00e1cio que participam da iniciativa.<\/p>\n\n\n\n<p><strong>Analfabetismo no Brasil<\/strong><\/p>\n\n\n\n<p>Mesmo com avan\u00e7os, o pa\u00eds ainda lida com n\u00fameros preocupantes. Segundo a Pesquisa Nacional por Amostra&nbsp;de&nbsp;Domic\u00edlios (Pnad)&nbsp;de&nbsp;2023, divulgada pelo Instituto Brasileiro&nbsp;de&nbsp;Geografia e Estat\u00edstica (<a rel=\"noreferrer noopener\" target=\"_blank\" href=\"https:\/\/na01.safelinks.protection.outlook.com\/?url=https%3A%2F%2Foglobo.globo.com%2Ftudo-sobre%2Finstituicao-governamental%2Fibge&amp;data=05%7C02%7C%7Cc6eacaa86fab4fb0e70d08dd6bcf25ae%7C84df9e7fe9f640afb435aaaaaaaaaaaa%7C1%7C0%7C638785259644082393%7CUnknown%7CTWFpbGZsb3d8eyJFbXB0eU1hcGkiOnRydWUsIlYiOiIwLjAuMDAwMCIsIlAiOiJXaW4zMiIsIkFOIjoiTWFpbCIsIldUIjoyfQ%3D%3D%7C0%7C%7C%7C&amp;sdata=fX98uO2PkCzaCOhuwbaGE1YPf0AvkJA34zhHF9HlU7I%3D&amp;reserved=0\">IBGE<\/a>), o Brasil ainda tem 9,3 milh\u00f5es&nbsp;de&nbsp;analfabetos, doas quais 8,3 milh\u00f5es t\u00eam mais&nbsp;de&nbsp;40 anos. Esse problema \u00e9 mais acentuado nas regi\u00f5es Norte e Nordeste, afetando&nbsp;de&nbsp;maneira&nbsp;desproporcional mulheres negras, pardas e moradores&nbsp;de&nbsp;zonas rurais.<\/p>\n\n\n\n<p>Para transformar a vida&nbsp;de&nbsp;pessoas que n\u00e3o tiveram a oportunidade&nbsp;de&nbsp;estudar no tempo regular, o&nbsp;Programa&nbsp;de&nbsp;Alfabetiza\u00e7\u00e3o e Letramento&nbsp;de&nbsp;Jovens e Adultos do Instituto Yduqs, em parceria com a Est\u00e1cio, tem como miss\u00e3o combater o analfabetismo e erradic\u00e1-lo nas comunidades do entorno das unidades&nbsp;de&nbsp;ensino participantes. A iniciativa est\u00e1 alinhada aos Objetivos&nbsp;de&nbsp;Desenvolvimento Sustent\u00e1vel (ODS)&nbsp;de&nbsp;n\u00famero 4, da Organiza\u00e7\u00e3o das Na\u00e7\u00f5es Unidas (ONU), que busca ajudar o indiv\u00edduo a exercer a sua cidadania.<\/p>\n\n\n\n<p><strong>Sobre o&nbsp;<\/strong><strong>Programa<\/strong><strong>&nbsp;<\/strong><strong>de<\/strong><strong>&nbsp;Alfabetiza\u00e7\u00e3o<\/strong><\/p>\n\n\n\n<p>O&nbsp;Programa&nbsp;de&nbsp;Alfabetiza\u00e7\u00e3o e Letramento&nbsp;de&nbsp;Jovens e Adultos do Instituto Yduqs \u00e9 uma iniciativa&nbsp;de&nbsp;impacto social que busca combater o analfabetismo e promover a cidadania. Lan\u00e7ado em 2018, o&nbsp;programa&nbsp;utiliza uma metodologia pr\u00f3pria que j\u00e1 alfabetizou mais&nbsp;de&nbsp;2000 pessoas. Em parceria com institui\u00e7\u00f5es de ensino superior privadas, a iniciativa \u00e9 oferecida gratuitamente em 22 campi localizados nas regi\u00f5es Sudeste, Nordeste, Norte e Centro-Oeste do pa\u00eds. Alinhado aos Objetivos&nbsp;de&nbsp;Desenvolvimento Sustent\u00e1vel (ODS) n\u00ba 3, 4 e 10 da ONU, o&nbsp;programa&nbsp;conta com cerca&nbsp;de&nbsp;70 alfabetizadores comprometidos em promover a inclus\u00e3o e contribuir para uma sociedade mais justa e igualit\u00e1ria. Saiba mais em&nbsp;<a rel=\"noreferrer noopener\" target=\"_blank\" href=\"https:\/\/na01.safelinks.protection.outlook.com\/?url=https%3A%2F%2Finstitutoyduqs.com.br%2Falfabetizacao%2F&amp;data=05%7C02%7C%7Cc6eacaa86fab4fb0e70d08dd6bcf25ae%7C84df9e7fe9f640afb435aaaaaaaaaaaa%7C1%7C0%7C638785259644091364%7CUnknown%7CTWFpbGZsb3d8eyJFbXB0eU1hcGkiOnRydWUsIlYiOiIwLjAuMDAwMCIsIlAiOiJXaW4zMiIsIkFOIjoiTWFpbCIsIldUIjoyfQ%3D%3D%7C0%7C%7C%7C&amp;sdata=UNId%2BCNwSdXXDOljKDjIz50orrX7ctgpAQjnqcZ%2B9ps%3D&amp;reserved=0\">institutoyduqs.com.br\/alfabetizacao<\/a><\/p>\n\n\n\n<p><strong>Servi\u00e7o:<\/strong><\/p>\n\n\n\n<p><strong>Programa&nbsp;de&nbsp;Alfabetiza\u00e7\u00e3o e Letramento&nbsp;de&nbsp;Jovens e Adultos do Instituto Yduqs, em parceria com a Est\u00e1cio<\/strong><\/p>\n\n\n\n<p>Informa\u00e7\u00f5es e inscri\u00e7\u00f5es at\u00e9&nbsp;28 demar\u00e7o:&nbsp;<a rel=\"noreferrer noopener\" target=\"_blank\" href=\"https:\/\/na01.safelinks.protection.outlook.com\/?url=https%3A%2F%2Finstitutoyduqs.com.br%2Falfabetizacao%2F&amp;data=05%7C02%7C%7Cc6eacaa86fab4fb0e70d08dd6bcf25ae%7C84df9e7fe9f640afb435aaaaaaaaaaaa%7C1%7C0%7C638785259644098800%7CUnknown%7CTWFpbGZsb3d8eyJFbXB0eU1hcGkiOnRydWUsIlYiOiIwLjAuMDAwMCIsIlAiOiJXaW4zMiIsIkFOIjoiTWFpbCIsIldUIjoyfQ%3D%3D%7C0%7C%7C%7C&amp;sdata=CX%2BNbnouIe%2FG4sxoyrAcArpCargxEbwmmaO8vURTZ5Q%3D&amp;reserved=0\">institutoyduqs.com.br\/alfabetizacao<\/a><\/p>\n\n\n\n<p>In\u00edcio das aulas gratuitas: Abril&nbsp;de&nbsp;2025<\/p>\n\n\n\n<p><strong>Endere\u00e7o:&nbsp;<\/strong>Rua Nilza Chiapeta Fadigas, 488 &#8211; V\u00e1rzea &#8211; Teres\u00f3polis<\/p>\n","protected":false},"excerpt":{"rendered":"<p>O&nbsp;Programa&nbsp;de&nbsp;Alfabetiza\u00e7\u00e3o e Letramento&nbsp;de&nbsp;Jovens e Adultos do Instituto Yduqs, em parceria com a Est\u00e1cio e a<\/p>\n","protected":false},"author":2,"featured_media":101342,"comment_status":"open","ping_status":"open","sticky":false,"template":"","format":"standard","meta":{"footnotes":""},"categories":[17],"tags":[],"class_list":["post-101341","post","type-post","status-publish","format-standard","has-post-thumbnail","hentry","category-outras-noticias"],"_links":{"self":[{"href":"https:\/\/tvc16.com\/portal\/wp-json\/wp\/v2\/posts\/101341","targetHints":{"allow":["GET"]}}],"collection":[{"href":"https:\/\/tvc16.com\/portal\/wp-json\/wp\/v2\/posts"}],"about":[{"href":"https:\/\/tvc16.com\/portal\/wp-json\/wp\/v2\/types\/post"}],"author":[{"embeddable":true,"href":"https:\/\/tvc16.com\/portal\/wp-json\/wp\/v2\/users\/2"}],"replies":[{"embeddable":true,"href":"https:\/\/tvc16.com\/portal\/wp-json\/wp\/v2\/comments?post=101341"}],"version-history":[{"count":1,"href":"https:\/\/tvc16.com\/portal\/wp-json\/wp\/v2\/posts\/101341\/revisions"}],"predecessor-version":[{"id":101343,"href":"https:\/\/tvc16.com\/portal\/wp-json\/wp\/v2\/posts\/101341\/revisions\/101343"}],"wp:featuredmedia":[{"embeddable":true,"href":"https:\/\/tvc16.com\/portal\/wp-json\/wp\/v2\/media\/101342"}],"wp:attachment":[{"href":"https:\/\/tvc16.com\/portal\/wp-json\/wp\/v2\/media?parent=101341"}],"wp:term":[{"taxonomy":"category","embeddable":true,"href":"https:\/\/tvc16.com\/portal\/wp-json\/wp\/v2\/categories?post=101341"},{"taxonomy":"post_tag","embeddable":true,"href":"https:\/\/tvc16.com\/portal\/wp-json\/wp\/v2\/tags?post=101341"}],"curies":[{"name":"wp","href":"https:\/\/api.w.org\/{rel}","templated":true}]}}