{"id":101344,"date":"2025-03-26T08:51:14","date_gmt":"2025-03-26T11:51:14","guid":{"rendered":"https:\/\/tvc16.com\/portal\/?p=101344"},"modified":"2025-03-26T08:51:16","modified_gmt":"2025-03-26T11:51:16","slug":"petropolis-recebe-primeira-edicao-do-coliseu-grappling-league","status":"publish","type":"post","link":"https:\/\/tvc16.com\/portal\/2025\/03\/26\/petropolis-recebe-primeira-edicao-do-coliseu-grappling-league\/","title":{"rendered":"Petr\u00f3polis recebe primeira edi\u00e7\u00e3o do Coliseu Grappling League"},"content":{"rendered":"\n<p>Na sexta (28), o Pal\u00e1cio de Cristal recebe coletiva de imprensa e pesagem dos atletas<\/p>\n\n\n\n<p>No pr\u00f3ximo s\u00e1bado (29), \u00e0s 16 horas, acontece a primeira edi\u00e7\u00e3o do Coliseu Grappling League. O evento de Jiu-Jitsu vai ser realizado no Resort Villa Itaipava e vai reunir atletas profissionais convidados de impacto nacional e internacional.<\/p>\n\n\n\n<p>\u201cReceber um evento desta escala \u00e9 essencial para nossa cidade. Uma oportunidade para promover o esporte na nossa popula\u00e7\u00e3o, e receber amantes de Jiu-Jitsu de todo o Rio de Janeiro\u201d, disse o prefeito Hingo Hammes.<\/p>\n\n\n\n<p>O evento busca profissionalizar ainda mais o Jiu-Jitsu e expandir o alcance, visibilidade e impacto do esporte. \u201cHoje Jiu-Jitsu \u00e9 uma das principais artes marciais praticadas na cidade. Promover eventos profissionais atrai ainda mais o interesse da popula\u00e7\u00e3o pelo esporte\u201d, explica o secret\u00e1rio de Esportes Leandro Kronenberger.<\/p>\n\n\n\n<p>A escolha da cidade para a realiza\u00e7\u00e3o partiu da Federa\u00e7\u00e3o por Petr\u00f3polis ser um dos polos nacionais do esporte. De acordo com F\u00e1bio Tezzei, um dos organizadores do evento, a cidade traz aos participantes n\u00e3o s\u00f3 a possibilidade de um grande evento como toda a estrutura aos atletas, familiares e p\u00fablico que estar\u00e1 presente. \u201cDesde que iniciamos a organiza\u00e7\u00e3o do Coliseu, fomos bem recebidos pela equipe da cidade, que nos auxiliou na escolha dos lugares para a realiza\u00e7\u00e3o. Fora isto, toda a estrutura hoteleira e de servi\u00e7os que a cidade oferece foi levada em considera\u00e7\u00e3o.\u201d<\/p>\n\n\n\n<p>Pesagem e coletiva de imprensa<\/p>\n\n\n\n<p>Na sexta-feira (28) a partir das 17h, o Pal\u00e1cio de Cristal ir\u00e1 receber a pesagem dos atletas e uma coletiva de imprensa. \u201cEssa \u00e9 uma oportunidade de expandir o evento para outras regi\u00f5es da cidade al\u00e9m de Itaipava, e promover, ainda mais, a promo\u00e7\u00e3o do esporte\u201d, afirma o secret\u00e1rio.<\/p>\n\n\n\n<p>\u201cEssa passagem no Pal\u00e1cio de Cristal representa muito para n\u00f3s. Tem muito a ver com o que esperamos do evento e traz para o centro da cidade uma integra\u00e7\u00e3o com o p\u00fablico\u201d, finaliza Tezzeo.<\/p>\n\n\n\n<p>Os interessados podem comprar ingressos pelo site https:\/\/livejitsu.com.br\/coliseu\/ onde tamb\u00e9m haver\u00e1 a transmiss\u00e3o ao vivo do evento. O Coliseu Grappling \u00e9 uma realiza\u00e7\u00e3o da Federa\u00e7\u00e3o de Jiu-Jitsu Esportivo do Estado do Rio de Janeiro (FJJE-RIO) em parceria da Prefeitura de Petr\u00f3polis.<\/p>\n","protected":false},"excerpt":{"rendered":"<p>Na sexta (28), o Pal\u00e1cio de Cristal recebe coletiva de imprensa e pesagem dos atletas<\/p>\n","protected":false},"author":2,"featured_media":84666,"comment_status":"open","ping_status":"open","sticky":false,"template":"","format":"standard","meta":{"footnotes":""},"categories":[12],"tags":[],"class_list":["post-101344","post","type-post","status-publish","format-standard","has-post-thumbnail","hentry","category-cidade"],"_links":{"self":[{"href":"https:\/\/tvc16.com\/portal\/wp-json\/wp\/v2\/posts\/101344","targetHints":{"allow":["GET"]}}],"collection":[{"href":"https:\/\/tvc16.com\/portal\/wp-json\/wp\/v2\/posts"}],"about":[{"href":"https:\/\/tvc16.com\/portal\/wp-json\/wp\/v2\/types\/post"}],"author":[{"embeddable":true,"href":"https:\/\/tvc16.com\/portal\/wp-json\/wp\/v2\/users\/2"}],"replies":[{"embeddable":true,"href":"https:\/\/tvc16.com\/portal\/wp-json\/wp\/v2\/comments?post=101344"}],"version-history":[{"count":1,"href":"https:\/\/tvc16.com\/portal\/wp-json\/wp\/v2\/posts\/101344\/revisions"}],"predecessor-version":[{"id":101345,"href":"https:\/\/tvc16.com\/portal\/wp-json\/wp\/v2\/posts\/101344\/revisions\/101345"}],"wp:featuredmedia":[{"embeddable":true,"href":"https:\/\/tvc16.com\/portal\/wp-json\/wp\/v2\/media\/84666"}],"wp:attachment":[{"href":"https:\/\/tvc16.com\/portal\/wp-json\/wp\/v2\/media?parent=101344"}],"wp:term":[{"taxonomy":"category","embeddable":true,"href":"https:\/\/tvc16.com\/portal\/wp-json\/wp\/v2\/categories?post=101344"},{"taxonomy":"post_tag","embeddable":true,"href":"https:\/\/tvc16.com\/portal\/wp-json\/wp\/v2\/tags?post=101344"}],"curies":[{"name":"wp","href":"https:\/\/api.w.org\/{rel}","templated":true}]}}