{"id":101350,"date":"2025-03-30T06:00:00","date_gmt":"2025-03-30T09:00:00","guid":{"rendered":"https:\/\/tvc16.com\/portal\/?p=101350"},"modified":"2025-03-28T19:41:03","modified_gmt":"2025-03-28T22:41:03","slug":"prefeitura-de-petropolis-promove-feirao-de-regularizacao-de-vans-escolares-em-abril","status":"publish","type":"post","link":"https:\/\/tvc16.com\/portal\/2025\/03\/30\/prefeitura-de-petropolis-promove-feirao-de-regularizacao-de-vans-escolares-em-abril\/","title":{"rendered":"Prefeitura de Petr\u00f3polis promove Feir\u00e3o de Regulariza\u00e7\u00e3o de Vans Escolares em abril"},"content":{"rendered":"\n<p><em>A\u00e7\u00e3o \u00e9 para dar oportunidade aos profissionais que atuam no servi\u00e7o de estarem aptos para atuar na cidade<\/em><\/p>\n\n\n\n<p>A Prefeitura de Petr\u00f3polis, por meio da Companhia Petropolitana de Tr\u00e2nsito e Transportes &#8211; CPTrans, realiza entre os dias 3 e 5 de abril o Feir\u00e3o de Regulariza\u00e7\u00e3o de Vans Escolares. A a\u00e7\u00e3o acontece no entorno da pra\u00e7a Princesa Isabel, em frente \u00e0 catedral S\u00e3o Pedro de Alc\u00e2ntara, e \u00e9 uma oportunidade para os donos de vans, que atuam neste tipo de transporte, de se tornarem aptos para a presta\u00e7\u00e3o do servi\u00e7o.<\/p>\n\n\n\n<p>\u201cMuitos propriet\u00e1rios de vans tiveram dificuldade para fazer o recadastramento no in\u00edcio do ano, que acontece em janeiro, e pediram uma nova oportunidade de legalizar os ve\u00edculos. E a gente entende que esse \u00e9 um servi\u00e7o muito importante para a nossa Educa\u00e7\u00e3o, para o transporte de estudantes na cidade. Por isso, abrimos mais essa oportunidade\u201d, destaca o prefeito Hingo Hammes.<\/p>\n\n\n\n<p>Os atendimentos acontecer\u00e3o de 8h30 \u00e0s 11h, nos dias 3 e 4. J\u00e1 no dia 5, das 8h30 \u00e0s 13h30. Para fazer a regulariza\u00e7\u00e3o \u00e9 preciso: apresentar o CRLV do ve\u00edculo em dia; a Ap\u00f3lice de Seguro APP; a Carteira Nacional de Habilita\u00e7\u00e3o D com a inscri\u00e7\u00e3o que realiza atividade remunerada e para os ve\u00edculos tipo van, com mais de 15 anos de fabrica\u00e7\u00e3o, o Laudo Inspe\u00e7\u00e3o Veicular (LIT). Os demais documentos exigidos pelo Regulamento do Transporte Escolar (Portaria n\u00ba 25\/2013), ser\u00e1 concedido prazo adicional para apresenta\u00e7\u00e3o.<\/p>\n\n\n\n<p>Depois de apresentar todos os documentos, o motorista precisa pagar uma taxa de R$ 169,78 para vans com at\u00e9 18 lugares e R$ 339,56 para ve\u00edculos maiores. A Van passa por uma vistoria, onde s\u00e3o observados itens de seguran\u00e7a e funcionamento de luzes, por exemplo. Se aprovado, o motorista j\u00e1 sai com o documento de autoriza\u00e7\u00e3o para o transporte escolar. A CPTrans vai ainda confeccionar um selo que deve ser fixado no para-brisa do ve\u00edculo.<\/p>\n\n\n\n<p>\u201cQualquer d\u00favida os propriet\u00e1rios de vans podem entrar em contato com a CPTrans, seja pelo nosso atendimento virtual com a Bibi, pelo telefone ou ainda comparecendo na sede da companhia. O mais importante \u00e9 permitir que os permission\u00e1rios do servi\u00e7o tenham oportunidade de legalizar os ve\u00edculos para continuarem trabalhando\u201d, destacou o presidente da CPTrans, Luciano Moreira.<\/p>\n\n\n\n<p>Servi\u00e7o:<br>Feir\u00e3o de Regulariza\u00e7\u00e3o de Escolares<\/p>\n\n\n\n<p>Data: 4 a 5 de abril de 2025<br>Local: Pra\u00e7a Princesa Isabel, Centro<br>Hor\u00e1rio: 8h30 \u00e0s 11h (dias 3 e 4) e de 8h30 \u00e0s 13h (no dia 5)<\/p>\n","protected":false},"excerpt":{"rendered":"<p>A\u00e7\u00e3o \u00e9 para dar oportunidade aos profissionais que atuam no servi\u00e7o de estarem aptos para<\/p>\n","protected":false},"author":2,"featured_media":87498,"comment_status":"open","ping_status":"open","sticky":false,"template":"","format":"standard","meta":{"footnotes":""},"categories":[12],"tags":[],"class_list":["post-101350","post","type-post","status-publish","format-standard","has-post-thumbnail","hentry","category-cidade"],"_links":{"self":[{"href":"https:\/\/tvc16.com\/portal\/wp-json\/wp\/v2\/posts\/101350","targetHints":{"allow":["GET"]}}],"collection":[{"href":"https:\/\/tvc16.com\/portal\/wp-json\/wp\/v2\/posts"}],"about":[{"href":"https:\/\/tvc16.com\/portal\/wp-json\/wp\/v2\/types\/post"}],"author":[{"embeddable":true,"href":"https:\/\/tvc16.com\/portal\/wp-json\/wp\/v2\/users\/2"}],"replies":[{"embeddable":true,"href":"https:\/\/tvc16.com\/portal\/wp-json\/wp\/v2\/comments?post=101350"}],"version-history":[{"count":1,"href":"https:\/\/tvc16.com\/portal\/wp-json\/wp\/v2\/posts\/101350\/revisions"}],"predecessor-version":[{"id":101351,"href":"https:\/\/tvc16.com\/portal\/wp-json\/wp\/v2\/posts\/101350\/revisions\/101351"}],"wp:featuredmedia":[{"embeddable":true,"href":"https:\/\/tvc16.com\/portal\/wp-json\/wp\/v2\/media\/87498"}],"wp:attachment":[{"href":"https:\/\/tvc16.com\/portal\/wp-json\/wp\/v2\/media?parent=101350"}],"wp:term":[{"taxonomy":"category","embeddable":true,"href":"https:\/\/tvc16.com\/portal\/wp-json\/wp\/v2\/categories?post=101350"},{"taxonomy":"post_tag","embeddable":true,"href":"https:\/\/tvc16.com\/portal\/wp-json\/wp\/v2\/tags?post=101350"}],"curies":[{"name":"wp","href":"https:\/\/api.w.org\/{rel}","templated":true}]}}