{"id":101355,"date":"2025-03-26T09:22:27","date_gmt":"2025-03-26T12:22:27","guid":{"rendered":"https:\/\/tvc16.com\/portal\/?p=101355"},"modified":"2025-03-26T09:22:28","modified_gmt":"2025-03-26T12:22:28","slug":"medicos-alertam-para-riscos-da-gripe-em-pessoas-com-mais-de-60-anos","status":"publish","type":"post","link":"https:\/\/tvc16.com\/portal\/2025\/03\/26\/medicos-alertam-para-riscos-da-gripe-em-pessoas-com-mais-de-60-anos\/","title":{"rendered":"M\u00e9dicos alertam para riscos da gripe em pessoas com mais de 60 anos"},"content":{"rendered":"\n<p><em>Chances de ter AVC e ataque card\u00edacos aumentam ap\u00f3s infec\u00e7\u00e3o<\/em><\/p>\n\n\n\n<p>Por Fl\u00e1via Albuquerque &#8211; Rep\u00f3rter da Ag\u00eancia Brasil\u00a0\/ Foto: TV Brasil<\/p>\n\n\n\n<p><\/p>\n\n\n\n<p><strong>O Sistema \u00danico de Sa\u00fade (SUS) registrou em 2024 um crescimento de 189%&nbsp;nas hospitaliza\u00e7\u00f5es de idosos por s\u00edndrome respirat\u00f3ria aguda grave (SRAG) por influenza, em rela\u00e7\u00e3o a 2023<\/strong>. Para chamar a aten\u00e7\u00e3o da popula\u00e7\u00e3o para os riscos da gripe em pessoas com mais de 60 anos, a Sociedade Brasileira de Infectologia (SBI), em parceria com a Sociedade Brasileira de Geriatria e Gerontologia (SBGG), realiza nesta quarta-feira (26) o encontro&nbsp;<em>Al\u00e9m da Gripe \u2013 Um debate sens\u00edvel \u00e0 gravidade dos riscos e impactos provocados pelo v\u00edrus da influenza<\/em>.<img decoding=\"async\" src=\"https:\/\/agenciabrasil.ebc.com.br\/ebc.png?id=1635953&amp;o=node\"><img decoding=\"async\" src=\"https:\/\/agenciabrasil.ebc.com.br\/ebc.gif?id=1635953&amp;o=node\"><\/p>\n\n\n\n<p><strong>O objetivo do encontro \u00e9 fazer um alerta sobre a sazonalidade da gripe, principalmente por conta dos baixos \u00edndices vacinais e dos riscos que este cen\u00e1rio pode causar para a popula\u00e7\u00e3o idosa<\/strong>. Segundo as entidades organizadoras, a sazonalidade est\u00e1 associada ao come\u00e7o do outono e \u00e0 mudan\u00e7a do clima em v\u00e1rios lugares do pa\u00eds, \u00e9poca em que as baixas temperaturas podem contribuir para que o v\u00edrus acabe circulando com mais intensidade, o que aumenta a necessidade de prote\u00e7\u00e3o e o risco de hospitaliza\u00e7\u00e3o.<\/p>\n\n\n\n<p>De acordo com as entidades,&nbsp;<strong>a partir dos 40 anos, o risco de ataque card\u00edaco aumenta em dez vezes e o de AVC oito vezes nos primeiros tr\u00eas dias ap\u00f3s uma infec\u00e7\u00e3o por influenza e idosos permanecem com risco elevado para AVC at\u00e9 dois meses depois de se contaminar pelo v\u00edrus<\/strong>, o que reflete nas admiss\u00f5es em UTI, que cresceram 187% e em 157% mais \u00f3bitos. <\/p>\n","protected":false},"excerpt":{"rendered":"<p>Chances de ter AVC e ataque card\u00edacos aumentam ap\u00f3s infec\u00e7\u00e3o Por Fl\u00e1via Albuquerque &#8211; Rep\u00f3rter<\/p>\n","protected":false},"author":2,"featured_media":101356,"comment_status":"open","ping_status":"open","sticky":false,"template":"","format":"standard","meta":{"footnotes":""},"categories":[17],"tags":[],"class_list":["post-101355","post","type-post","status-publish","format-standard","has-post-thumbnail","hentry","category-outras-noticias"],"_links":{"self":[{"href":"https:\/\/tvc16.com\/portal\/wp-json\/wp\/v2\/posts\/101355","targetHints":{"allow":["GET"]}}],"collection":[{"href":"https:\/\/tvc16.com\/portal\/wp-json\/wp\/v2\/posts"}],"about":[{"href":"https:\/\/tvc16.com\/portal\/wp-json\/wp\/v2\/types\/post"}],"author":[{"embeddable":true,"href":"https:\/\/tvc16.com\/portal\/wp-json\/wp\/v2\/users\/2"}],"replies":[{"embeddable":true,"href":"https:\/\/tvc16.com\/portal\/wp-json\/wp\/v2\/comments?post=101355"}],"version-history":[{"count":1,"href":"https:\/\/tvc16.com\/portal\/wp-json\/wp\/v2\/posts\/101355\/revisions"}],"predecessor-version":[{"id":101357,"href":"https:\/\/tvc16.com\/portal\/wp-json\/wp\/v2\/posts\/101355\/revisions\/101357"}],"wp:featuredmedia":[{"embeddable":true,"href":"https:\/\/tvc16.com\/portal\/wp-json\/wp\/v2\/media\/101356"}],"wp:attachment":[{"href":"https:\/\/tvc16.com\/portal\/wp-json\/wp\/v2\/media?parent=101355"}],"wp:term":[{"taxonomy":"category","embeddable":true,"href":"https:\/\/tvc16.com\/portal\/wp-json\/wp\/v2\/categories?post=101355"},{"taxonomy":"post_tag","embeddable":true,"href":"https:\/\/tvc16.com\/portal\/wp-json\/wp\/v2\/tags?post=101355"}],"curies":[{"name":"wp","href":"https:\/\/api.w.org\/{rel}","templated":true}]}}