{"id":101358,"date":"2025-03-26T09:25:40","date_gmt":"2025-03-26T12:25:40","guid":{"rendered":"https:\/\/tvc16.com\/portal\/?p=101358"},"modified":"2025-03-26T09:25:42","modified_gmt":"2025-03-26T12:25:42","slug":"brasil-registra-1-450-feminicidios-em-2024-12-a-mais-que-ano-anterior","status":"publish","type":"post","link":"https:\/\/tvc16.com\/portal\/2025\/03\/26\/brasil-registra-1-450-feminicidios-em-2024-12-a-mais-que-ano-anterior\/","title":{"rendered":"Brasil registra 1.450 feminic\u00eddios em 2024, 12 a mais que ano anterior"},"content":{"rendered":"\n<p><em>Somados a outros tipos de morte feminina, o n\u00famero caiu<\/em><\/p>\n\n\n\n<p>Por Daniella Almeida &#8211; Rep\u00f3rter da Ag\u00eancia Brasil \/ Foto: Jo\u00e9dson Alves\/Ag\u00eancia Brasil<\/p>\n\n\n\n<p><\/p>\n\n\n\n<p>Dados do Relat\u00f3rio Anual Socioecon\u00f4mico da Mulher (<a href=\"https:\/\/www.gov.br\/mulheres\/pt-br\/central-de-conteudos\/publicacoes\/raseam-2025.pdf\/view\" target=\"_blank\" rel=\"noreferrer noopener\">Raseam<\/a>) 2025,&nbsp;lan\u00e7ado pelo Minist\u00e9rio das Mulheres, nesta ter\u00e7a-feira (25), em Bras\u00edlia, apontam que,&nbsp;<strong>em 2024, foram registrados 1.450 feminic\u00eddios e 2.485 homic\u00eddios dolosos (com a inten\u00e7\u00e3o de matar) de mulheres e les\u00f5es corporais seguidas de morte.<\/strong><img decoding=\"async\" src=\"https:\/\/agenciabrasil.ebc.com.br\/ebc.png?id=1635951&amp;o=node\"><img decoding=\"async\" src=\"https:\/\/agenciabrasil.ebc.com.br\/ebc.gif?id=1635951&amp;o=node\"><\/p>\n\n\n\n<p><strong>Os registros representam uma diminui\u00e7\u00e3o de 5,07% em todos os casos de viol\u00eancia letal contra as mulheres, em rela\u00e7\u00e3o aos registros de 2023,<\/strong>&nbsp;quando foram contabilizados 1.438 casos de feminic\u00eddio e outros 2.707 casos de homic\u00eddio doloso e les\u00e3o corporal seguida de morte de mulheres.<\/p>\n\n\n\n<p>Ainda sobre formas de viol\u00eancia contra as mulheres, o&nbsp;<strong>relat\u00f3rio anual mostra que o Brasil registrou o equivalente a 196&nbsp;estupros por dia, em 2024, o que totalizou 71.892 casos de estupro de mulheres em todo o ano passado.<\/strong>&nbsp;Apesar do alto n\u00famero de registros, houve uma queda de 1,44% em rela\u00e7\u00e3o ao ano de 2023.<\/p>\n\n\n\n<p>A ministra das Mulheres, Cida Gon\u00e7alves, explica&nbsp;que a queda nos n\u00fameros da viol\u00eancia de g\u00eanero \u00e9 reflexo dos esfor\u00e7os das pol\u00edticas p\u00fablicas, da mobiliza\u00e7\u00e3o nacional pelo feminic\u00eddio zero, de debates nacionais e da mudan\u00e7a de comportamento sobre a hora de intervir nos casos de viol\u00eancia.<\/p>\n\n\n\n<blockquote class=\"wp-block-quote is-layout-flow wp-block-quote-is-layout-flow\">\n<p>\u201cIsso significa que algu\u00e9m est\u00e1 intervindo antes que o fato aconte\u00e7a, que algu\u00e9m est\u00e1 tomando uma iniciativa. \u00c9 disso que n\u00f3s precisamos: de uma sociedade que n\u00e3o se cale, que n\u00e3o diga que isso \u00e9 s\u00f3 responsabilidade do Estado. Prioritariamente, \u00e9 do Estado, mas \u00e9 de toda a sociedade o papel de intervir, de ligar, de orientar e de falar sobre.\u201d<\/p>\n<\/blockquote>\n\n\n\n<p>Segundo os registros do Sistema de Informa\u00e7\u00e3o de Agravos de Notifica\u00e7\u00e3o do Minist\u00e9rio da Sa\u00fade (Sinan\/MS),<strong>&nbsp;nos casos de viol\u00eancia contra mulheres adultas (20 a 59 anos), 60,4% foram contra mulheres pretas e pardas, enquanto 37,5% contra mulheres brancas.&nbsp;<\/strong>De acordo com o Minist\u00e9rio das Mulheres, os dados evidenciam a sobreposi\u00e7\u00e3o de vulnerabilidades para mulheres negras.<\/p>\n\n\n\n<p><strong>Em 76,6% dos registros de viol\u00eancias dom\u00e9sticas, sexual e\/ou outras viol\u00eancias contra mulheres, o agressor \u00e9 do sexo masculino<\/strong>. E a resid\u00eancia \u00e9 um local de maior risco para as mulheres, porque \u00e9 onde ocorrem 71,6% das notifica\u00e7\u00f5es, como registrou o Sinam\/MS, em 2023.<\/p>\n\n\n\n<p>Durante a&nbsp;<a href=\"https:\/\/www.youtube.com\/watch?v=kUVHwu7YXt4\" target=\"_blank\" rel=\"noreferrer noopener\">divulga\u00e7\u00e3o do relat\u00f3rio Raseam 2025<\/a>, a ministra Cida Gon\u00e7alves enfatizou que o enfrentamento \u00e0 viol\u00eancia contra mulheres, crian\u00e7as e adolescentes passa pelo fortalecimento das pol\u00edticas p\u00fablicas.<\/p>\n\n\n\n<blockquote class=\"wp-block-quote is-layout-flow wp-block-quote-is-layout-flow\">\n<p>&nbsp;\u201cAgora, o desafio \u00e9 como manter o processo de diminui\u00e7\u00e3o [da viol\u00eancia]. Isso n\u00e3o significa que \u00e9 para a gente se aquietar. Mas, significa que o que n\u00f3s fazemos, com um pouco de recurso que n\u00f3s temos, n\u00f3s temos dado mensagens e obtido resultados\u201d, diz&nbsp;Cida Gon\u00e7alves.<\/p>\n<\/blockquote>\n\n\n\n<h2 class=\"wp-block-heading\">Raseam 2025<\/h2>\n\n\n\n<p>Os dados de viol\u00eancia de g\u00eanero do Relat\u00f3rio Anual Socioecon\u00f4mico da Mulher 2025 comp\u00f5em um dos sete&nbsp;eixos tem\u00e1ticos do documento: o de enfrentamento de todas as formas de viol\u00eancia contra as mulheres.<\/p>\n\n\n\n<p>Os demais eixos s\u00e3o: estrutura demogr\u00e1fica; autonomia econ\u00f4mica e igualdade no mundo do trabalho; educa\u00e7\u00e3o; sa\u00fade integral, direitos sexuais e direitos reprodutivos; mulheres em espa\u00e7os de poder e decis\u00e3o; e mulheres no esporte.<\/p>\n\n\n\n<p>Ao todo, o documento re\u00fane 328 indicadores de diversas bases de dados oficiais do governo brasileiro produzidos a partir de 2022, referentes ao perfil demogr\u00e1fico e socioecon\u00f4mico das brasileiras. Em 2023, eram 270 indicadores analisados.<\/p>\n\n\n\n<p>Entre os principais destaques socioecon\u00f4micos do relat\u00f3rio est\u00e3o que&nbsp;<strong>as mulheres s\u00e3o maioria entre as pessoas respons\u00e1veis pelos domic\u00edlios brasileiros; as mulheres ganhavam, em m\u00e9dia, o equivalente a 79,3% do rendimento dos homens em estabelecimentos formais com 100 ou mais empregados; e as mulheres tiveram maior sucesso nas elei\u00e7\u00f5es de 2024 do que em 2020.<\/strong>&nbsp;Do total de candidatas a prefeita, 30,6% se elegeram.<\/p>\n\n\n\n<p>A ministra das Mulhere&nbsp;destaca que o Raseam 2025 ajudar\u00e1 a subsidiar a elabora\u00e7\u00e3o e implementa\u00e7\u00e3o de pol\u00edticas p\u00fablicas, pesquisas e estudos de diferentes naturezas.&nbsp;\u201cO relat\u00f3rio vai nos ajudar a fazer o grande debate que n\u00f3s precisamos nesse pa\u00eds. N\u00f3s queremos o feminic\u00eddio zero, mas n\u00f3s queremos feminic\u00eddio zero com democracia com as mulheres e com igualdade, onde as mulheres, de fato, sejam iguais [aos homens] neste pa\u00eds.&#8221;<br><\/p>\n","protected":false},"excerpt":{"rendered":"<p>Somados a outros tipos de morte feminina, o n\u00famero caiu Por Daniella Almeida &#8211; Rep\u00f3rter<\/p>\n","protected":false},"author":2,"featured_media":101360,"comment_status":"open","ping_status":"open","sticky":false,"template":"","format":"standard","meta":{"footnotes":""},"categories":[17],"tags":[],"class_list":["post-101358","post","type-post","status-publish","format-standard","has-post-thumbnail","hentry","category-outras-noticias"],"_links":{"self":[{"href":"https:\/\/tvc16.com\/portal\/wp-json\/wp\/v2\/posts\/101358","targetHints":{"allow":["GET"]}}],"collection":[{"href":"https:\/\/tvc16.com\/portal\/wp-json\/wp\/v2\/posts"}],"about":[{"href":"https:\/\/tvc16.com\/portal\/wp-json\/wp\/v2\/types\/post"}],"author":[{"embeddable":true,"href":"https:\/\/tvc16.com\/portal\/wp-json\/wp\/v2\/users\/2"}],"replies":[{"embeddable":true,"href":"https:\/\/tvc16.com\/portal\/wp-json\/wp\/v2\/comments?post=101358"}],"version-history":[{"count":1,"href":"https:\/\/tvc16.com\/portal\/wp-json\/wp\/v2\/posts\/101358\/revisions"}],"predecessor-version":[{"id":101361,"href":"https:\/\/tvc16.com\/portal\/wp-json\/wp\/v2\/posts\/101358\/revisions\/101361"}],"wp:featuredmedia":[{"embeddable":true,"href":"https:\/\/tvc16.com\/portal\/wp-json\/wp\/v2\/media\/101360"}],"wp:attachment":[{"href":"https:\/\/tvc16.com\/portal\/wp-json\/wp\/v2\/media?parent=101358"}],"wp:term":[{"taxonomy":"category","embeddable":true,"href":"https:\/\/tvc16.com\/portal\/wp-json\/wp\/v2\/categories?post=101358"},{"taxonomy":"post_tag","embeddable":true,"href":"https:\/\/tvc16.com\/portal\/wp-json\/wp\/v2\/tags?post=101358"}],"curies":[{"name":"wp","href":"https:\/\/api.w.org\/{rel}","templated":true}]}}