{"id":101362,"date":"2025-03-26T09:26:45","date_gmt":"2025-03-26T12:26:45","guid":{"rendered":"https:\/\/tvc16.com\/portal\/?p=101362"},"modified":"2025-03-26T09:26:46","modified_gmt":"2025-03-26T12:26:46","slug":"mais-de-48-mil-pessoas-contratam-r-3403-mi-em-consignado-para-clt","status":"publish","type":"post","link":"https:\/\/tvc16.com\/portal\/2025\/03\/26\/mais-de-48-mil-pessoas-contratam-r-3403-mi-em-consignado-para-clt\/","title":{"rendered":"Mais de 48 mil pessoas contratam R$ 340,3 mi em consignado para CLT"},"content":{"rendered":"\n<p><em>N\u00famero de simula\u00e7\u00f5es aproxima-se de 65 milh\u00f5es<\/em><\/p>\n\n\n\n<p>Por Wellton M\u00e1ximo \u2013 Rep\u00f3rter da Ag\u00eancia Brasil \/ Foto: Marcello Casal Jr\/Ag\u00eancia Brasil\/Arquivo<\/p>\n\n\n\n<p><\/p>\n\n\n\n<p>At\u00e9 as 17h desta ter\u00e7a-feira (25),&nbsp;<strong>48.170 pessoas contrataram R$ 340,3 milh\u00f5es em empr\u00e9stimos pela nova modalidade de cr\u00e9dito consignado para trabalhadores da iniciativa privada.<\/strong>&nbsp;<strong>O valor m\u00e9dio ficou em R$ 7.065,14 por trabalhador<\/strong>, com prazo m\u00e9dio de 21 meses divididos em parcelas de R$ 333,88.<img decoding=\"async\" src=\"https:\/\/agenciabrasil.ebc.com.br\/ebc.png?id=1635947&amp;o=node\"><img decoding=\"async\" src=\"https:\/\/agenciabrasil.ebc.com.br\/ebc.gif?id=1635947&amp;o=node\"><\/p>\n\n\n\n<p>Os dados foram divulgados pelo Minist\u00e9rio do Trabalho e Emprego.&nbsp;<strong>Segundo a pasta, foram registradas 64.718.404 simula\u00e7\u00f5es e 8.704.759 pedidos de cr\u00e9dito.<\/strong><\/p>\n\n\n\n<p>Com o potencial de oferecer cr\u00e9dito menos caro a at\u00e9 47 milh\u00f5es de pessoas, a nova modalidade entrou em vigor na \u00faltima sexta-feira (21). Todo o processo de simula\u00e7\u00e3o e de contrata\u00e7\u00e3o \u00e9 feito por meio do aplicativo e do site&nbsp;<a href=\"https:\/\/www.gov.br\/pt-br\/temas\/carteira-de-trabalho-digital\">Carteira de Trabalho Digital<\/a>, que t\u00eam 68 milh\u00f5es de trabalhadores cadastradas.<\/p>\n\n\n\n<p><a href=\"https:\/\/agenciabrasil.ebc.com.br\/politica\/noticia\/2025-03\/lula-autoriza-uso-do-esocial-para-ofertar-consignado-empregados-clt\">Criado por medida provis\u00f3ria<\/a>&nbsp;no \u00faltimo dia 12,&nbsp;<strong>o Programa Cr\u00e9dito do Trabalhador na Carteira Digital de Trabalho abrange empregados da iniciativa privada com carteira assinada<\/strong>, incluindo empregados dom\u00e9sticos, trabalhadores rurais e contratados por microempreendedores individuais (MEI). A nova modalidade permite que o trabalhador autorize o compartilhamento de dados do eSocial, sistema eletr\u00f4nico que unifica informa\u00e7\u00f5es trabalhistas, para contratar cr\u00e9dito com desconto em folha.<\/p>\n\n\n\n<p>Com o novo programa, mais de 80 bancos e institui\u00e7\u00f5es financeiras poder\u00e3o ter acesso ao perfil de trabalhadores com carteira assinada atrav\u00e9s do eSocial, sistema eletr\u00f4nico obrigat\u00f3rio que unifica informa\u00e7\u00f5es trabalhistas, previdenci\u00e1rias e fiscais de empregadores e empregados de todo o pa\u00eds. Segundo a Federa\u00e7\u00e3o Brasileira de Bancos (Febraban), o volume de cr\u00e9dito consignado privado poder\u00e1 triplicar, passando de R$ 39,7 bilh\u00f5es em 2024 para mais de R$ 120 bilh\u00f5es neste ano.<\/p>\n\n\n\n<p><strong>A Ag\u00eancia Brasil preparou um&nbsp;<a href=\"https:\/\/agenciabrasil.ebc.com.br\/economia\/noticia\/2025-03\/tire-duvidas-sobre-consignado-para-clt-que-entra-em-vigor-nesta-sexta\">guia com perguntas e respostas<\/a>&nbsp;sobre o novo consignado para CLT.<\/strong><br><\/p>\n","protected":false},"excerpt":{"rendered":"<p>N\u00famero de simula\u00e7\u00f5es aproxima-se de 65 milh\u00f5es Por Wellton M\u00e1ximo \u2013 Rep\u00f3rter da Ag\u00eancia Brasil<\/p>\n","protected":false},"author":2,"featured_media":101363,"comment_status":"open","ping_status":"open","sticky":false,"template":"","format":"standard","meta":{"footnotes":""},"categories":[17],"tags":[],"class_list":["post-101362","post","type-post","status-publish","format-standard","has-post-thumbnail","hentry","category-outras-noticias"],"_links":{"self":[{"href":"https:\/\/tvc16.com\/portal\/wp-json\/wp\/v2\/posts\/101362","targetHints":{"allow":["GET"]}}],"collection":[{"href":"https:\/\/tvc16.com\/portal\/wp-json\/wp\/v2\/posts"}],"about":[{"href":"https:\/\/tvc16.com\/portal\/wp-json\/wp\/v2\/types\/post"}],"author":[{"embeddable":true,"href":"https:\/\/tvc16.com\/portal\/wp-json\/wp\/v2\/users\/2"}],"replies":[{"embeddable":true,"href":"https:\/\/tvc16.com\/portal\/wp-json\/wp\/v2\/comments?post=101362"}],"version-history":[{"count":1,"href":"https:\/\/tvc16.com\/portal\/wp-json\/wp\/v2\/posts\/101362\/revisions"}],"predecessor-version":[{"id":101364,"href":"https:\/\/tvc16.com\/portal\/wp-json\/wp\/v2\/posts\/101362\/revisions\/101364"}],"wp:featuredmedia":[{"embeddable":true,"href":"https:\/\/tvc16.com\/portal\/wp-json\/wp\/v2\/media\/101363"}],"wp:attachment":[{"href":"https:\/\/tvc16.com\/portal\/wp-json\/wp\/v2\/media?parent=101362"}],"wp:term":[{"taxonomy":"category","embeddable":true,"href":"https:\/\/tvc16.com\/portal\/wp-json\/wp\/v2\/categories?post=101362"},{"taxonomy":"post_tag","embeddable":true,"href":"https:\/\/tvc16.com\/portal\/wp-json\/wp\/v2\/tags?post=101362"}],"curies":[{"name":"wp","href":"https:\/\/api.w.org\/{rel}","templated":true}]}}