{"id":101369,"date":"2025-03-26T09:35:56","date_gmt":"2025-03-26T12:35:56","guid":{"rendered":"https:\/\/tvc16.com\/portal\/?p=101369"},"modified":"2025-03-26T09:35:58","modified_gmt":"2025-03-26T12:35:58","slug":"beneficiarios-do-cadunico-podem-ter-parabolica-digital-gratuita","status":"publish","type":"post","link":"https:\/\/tvc16.com\/portal\/2025\/03\/26\/beneficiarios-do-cadunico-podem-ter-parabolica-digital-gratuita\/","title":{"rendered":"Benefici\u00e1rios do Cad\u00danico podem ter parab\u00f3lica digital gratuita"},"content":{"rendered":"\n<p><em>Prazo para pedir instala\u00e7\u00e3o termina dia 30 de junho<\/em><\/p>\n\n\n\n<p>Por Ag\u00eancia Brasil \/ Foto: T\u00e2nia R\u00eago\/Ag\u00eancia Brasil<\/p>\n\n\n\n<p><\/p>\n\n\n\n<p><strong>Fam\u00edlias de menor renda inscritas no Cad\u00danico t\u00eam at\u00e9 o dia 30 de junho pr\u00f3ximo para pedir instala\u00e7\u00e3o gratuita da nova parab\u00f3lica digital<\/strong>. A mudan\u00e7a \u00e9 necess\u00e1ria para n\u00e3o perder o acesso \u00e0 TV aberta, j\u00e1 que o sinal da TV via parab\u00f3lica tradicional est\u00e1 sendo desligado em todo o pa\u00eds.<img decoding=\"async\" src=\"https:\/\/agenciabrasil.ebc.com.br\/ebc.png?id=1635925&amp;o=node\"><img decoding=\"async\" src=\"https:\/\/agenciabrasil.ebc.com.br\/ebc.gif?id=1635925&amp;o=node\"><\/p>\n\n\n\n<p>O servi\u00e7o \u00e9 realizado pela&nbsp;<em>Siga Antenado<\/em>, institui\u00e7\u00e3o sem fins lucrativos criada por determina\u00e7\u00e3o da Ag\u00eancia Nacional de Telecomunica\u00e7\u00f5es (Anatel) para apoiar a popula\u00e7\u00e3o durante a mudan\u00e7a. O agendamento pode ser feito pelo&nbsp;<a href=\"http:\/\/www.sigaantenado.com.br\/\" target=\"_blank\" rel=\"noreferrer noopener\">site<\/a>&nbsp;ou pelo telefone 0800 729 2404.&nbsp;<\/p>\n\n\n\n<p><strong>O servi\u00e7o de troca atende fam\u00edlias de menor renda que ainda utilizam a parab\u00f3lica tradicional, aquela grande e cheia de furinhos<\/strong>. Depois da solicita\u00e7\u00e3o, elas ter\u00e3o direito ao kit gratuito com a nova parab\u00f3lica digital, que \u00e9 bem menor e sem furos, incluindo a instala\u00e7\u00e3o.<\/p>\n\n\n\n<p>\u201cA troca para a parab\u00f3lica digital melhora a experi\u00eancia do telespectador, ampliando a oferta de canais e trazendo um som e imagem mais n\u00edtidos. Estamos garantindo que as fam\u00edlias de menor renda possam fazer essa adapta\u00e7\u00e3o sem custo\u201d, diz o ministro das Comunica\u00e7\u00f5es, Juscelino Filho.<\/p>\n\n\n\n<h2 class=\"wp-block-heading\">Avan\u00e7o da infraestrutura<\/h2>\n\n\n\n<p><strong>O presidente da Anatel, Carlos Baigorri, afirma que essa troca \u00e9 importante para o avan\u00e7o da infraestrutura no Brasil.<\/strong><\/p>\n\n\n\n<p>\u201cA libera\u00e7\u00e3o da faixa de frequ\u00eancia da parab\u00f3lica tradicional \u00e9 essencial para a implanta\u00e7\u00e3o do 5G no pa\u00eds sem interfer\u00eancias. Esse \u00e9 um processo previsto no edital da Anatel e que est\u00e1 sendo executado de forma a minimizar impactos para a popula\u00e7\u00e3o\u201d, explica Baigorri.<\/p>\n\n\n\n<p>Al\u00e9m de transmitir imagem e som em qualidade superior, a nova tecnologia tamb\u00e9m permite um sinal mais est\u00e1vel, com menos falhas na transmiss\u00e3o. Outro avan\u00e7o \u00e9 a amplia\u00e7\u00e3o da grade de programa\u00e7\u00e3o, que pode alcan\u00e7ar mais de 140 canais dispon\u00edveis, entre regionais e nacionais.<\/p>\n\n\n\n<p><strong>O Cad\u00danico (Cadastro \u00danico) \u00e9 um registro que permite ao governo saber quem s\u00e3o e como vivem as fam\u00edlias de baixa renda no Brasil. Ele foi criado pelo governo federal, mas \u00e9 operacionalizado e atualizado pelas prefeituras de forma gratuita<\/strong>.<br><\/p>\n","protected":false},"excerpt":{"rendered":"<p>Prazo para pedir instala\u00e7\u00e3o termina dia 30 de junho Por Ag\u00eancia Brasil \/ Foto: T\u00e2nia<\/p>\n","protected":false},"author":2,"featured_media":101370,"comment_status":"open","ping_status":"open","sticky":false,"template":"","format":"standard","meta":{"footnotes":""},"categories":[17],"tags":[],"class_list":["post-101369","post","type-post","status-publish","format-standard","has-post-thumbnail","hentry","category-outras-noticias"],"_links":{"self":[{"href":"https:\/\/tvc16.com\/portal\/wp-json\/wp\/v2\/posts\/101369","targetHints":{"allow":["GET"]}}],"collection":[{"href":"https:\/\/tvc16.com\/portal\/wp-json\/wp\/v2\/posts"}],"about":[{"href":"https:\/\/tvc16.com\/portal\/wp-json\/wp\/v2\/types\/post"}],"author":[{"embeddable":true,"href":"https:\/\/tvc16.com\/portal\/wp-json\/wp\/v2\/users\/2"}],"replies":[{"embeddable":true,"href":"https:\/\/tvc16.com\/portal\/wp-json\/wp\/v2\/comments?post=101369"}],"version-history":[{"count":1,"href":"https:\/\/tvc16.com\/portal\/wp-json\/wp\/v2\/posts\/101369\/revisions"}],"predecessor-version":[{"id":101371,"href":"https:\/\/tvc16.com\/portal\/wp-json\/wp\/v2\/posts\/101369\/revisions\/101371"}],"wp:featuredmedia":[{"embeddable":true,"href":"https:\/\/tvc16.com\/portal\/wp-json\/wp\/v2\/media\/101370"}],"wp:attachment":[{"href":"https:\/\/tvc16.com\/portal\/wp-json\/wp\/v2\/media?parent=101369"}],"wp:term":[{"taxonomy":"category","embeddable":true,"href":"https:\/\/tvc16.com\/portal\/wp-json\/wp\/v2\/categories?post=101369"},{"taxonomy":"post_tag","embeddable":true,"href":"https:\/\/tvc16.com\/portal\/wp-json\/wp\/v2\/tags?post=101369"}],"curies":[{"name":"wp","href":"https:\/\/api.w.org\/{rel}","templated":true}]}}