{"id":101375,"date":"2025-03-26T09:39:27","date_gmt":"2025-03-26T12:39:27","guid":{"rendered":"https:\/\/tvc16.com\/portal\/?p=101375"},"modified":"2025-03-26T09:39:33","modified_gmt":"2025-03-26T12:39:33","slug":"revalida-2025-recebera-documentos-de-conclusao-de-curso-ate-sabado","status":"publish","type":"post","link":"https:\/\/tvc16.com\/portal\/2025\/03\/26\/revalida-2025-recebera-documentos-de-conclusao-de-curso-ate-sabado\/","title":{"rendered":"Revalida 2025 receber\u00e1 documentos de conclus\u00e3o de curso at\u00e9 s\u00e1bado"},"content":{"rendered":"\n<p><em>Certificados em l\u00edngua estrangeira devem ter tradu\u00e7\u00e3o juramentada<\/em><\/p>\n\n\n\n<p>Por Daniella Almeida \u2500 Rep\u00f3rter da Ag\u00eancia Brasil \/ Foto: Marcelo Camargo\/Ag\u00eancia Brasil<\/p>\n\n\n\n<p><\/p>\n\n\n\n<p>Os participantes da primeira etapa do Exame Nacional de Revalida\u00e7\u00e3o de Diplomas M\u00e9dicos Expedidos por Institui\u00e7\u00e3o de Educa\u00e7\u00e3o Superior Estrangeira (Revalida) de 2025 dever\u00e3o enviar&nbsp;at\u00e9 s\u00e1bado (29) a documenta\u00e7\u00e3o que comprova&nbsp;a conclus\u00e3o do curso no exterior. O exame \u00e9 obrigat\u00f3rio para que&nbsp;que m\u00e9dicos formados no exterior possam exercer a profiss\u00e3o no Brasil.<img decoding=\"async\" src=\"https:\/\/agenciabrasil.ebc.com.br\/ebc.png?id=1635864&amp;o=node\"><img decoding=\"async\" src=\"https:\/\/agenciabrasil.ebc.com.br\/ebc.gif?id=1635864&amp;o=node\"><\/p>\n\n\n\n<p>O prazo para apresentar o documento teve in\u00edcio nesta segunda-feira (24). O envio do diploma, certificado ou declara\u00e7\u00e3o deve ser feito pelo&nbsp;<a href=\"https:\/\/revalida.inep.gov.br\/\" target=\"_blank\" rel=\"noreferrer noopener\">Sistema Revalida<\/a>.&nbsp;<strong>Caso a documenta\u00e7\u00e3o comprobat\u00f3ria de conclus\u00e3o de curso seja em idioma diferente da l\u00edngua portuguesa, inglesa, francesa ou espanhola, dever\u00e1 ser acompanhada de tradu\u00e7\u00e3o juramentada.<\/strong><\/p>\n\n\n\n<p>Os candidatos de edi\u00e7\u00f5es anteriores do Revalida que tiveram a documenta\u00e7\u00e3o comprobat\u00f3ria de conclus\u00e3o de curso aprovada n\u00e3o precisar\u00e3o enviar o documento novamente. Nesse caso, a homologa\u00e7\u00e3o ser\u00e1 feita automaticamente, por meio do Sistema Revalida.<\/p>\n\n\n\n<h2 class=\"wp-block-heading\">Requisito<\/h2>\n\n\n\n<p>O Instituto Nacional de Estudos e Pesquisas Educacionais An\u00edsio Teixeira (Inep) esclarece que os participantes que n\u00e3o enviarem suas documenta\u00e7\u00f5es comprobat\u00f3rias n\u00e3o poder\u00e3o usufruir de recurso dessa a\u00e7\u00e3o.<\/p>\n\n\n\n<p><strong>Somente poder\u00e1 participar da segunda etapa do Revalida 2025\/1, referente \u00e0 prova de habilidades cl\u00ednicas, quem tiver a documenta\u00e7\u00e3o comprobat\u00f3ria de conclus\u00e3o de curso aprovada e que alcan\u00e7ar&nbsp;<a href=\"https:\/\/agenciabrasil.ebc.com.br\/educacao\/noticia\/2025-02\/inep-estabelece-88-pontos-como-nota-de-corte-do-revalida\">o desempenho m\u00ednimo esperado<\/a>&nbsp;\u2500 a nota de corte \u2500&nbsp;na primeira etapa do Revalida 2025\/1.<\/strong><\/p>\n\n\n\n<h2 class=\"wp-block-heading\">Cronograma<\/h2>\n\n\n\n<figure class=\"wp-block-table\"><table class=\"has-fixed-layout\"><tbody><tr><td>Gabarito preliminar (prova objetiva) e padr\u00e3o de resposta (prova discursiva)<\/td><td>26\/03<\/td><\/tr><tr><td>Resultado da documenta\u00e7\u00e3o de conclus\u00e3o de curso<\/td><td>23\/04<\/td><\/tr><tr><td>Gabarito definitivo<\/td><td>09\/05<\/td><\/tr><tr><td>Resultados definitivo da prova objetiva e provis\u00f3rio da prova discursiva<\/td><td>09\/05<\/td><\/tr><tr><td>Resultado final da primeira etapa do Revalida 2025<\/td><td>03\/06<\/td><\/tr><\/tbody><\/table><\/figure>\n\n\n\n<h2 class=\"wp-block-heading\">Etapas<\/h2>\n\n\n\n<p>O Revalida avalia profissionais formados em medicina fora do Brasil que querem exercer a profiss\u00e3o em territ\u00f3rio nacional.&nbsp;<strong>O objetivo do exame \u00e9 garantir a qualidade do atendimento m\u00e9dico prestado no Brasil, tanto por estrangeiros como por brasileiros que estudaram no exterior.<\/strong><\/p>\n\n\n\n<p>Desde 2011, o exame que autoriza aos aprovados ter o diploma revalidado no Brasil \u00e9 aplicado pelo Inep, enquanto a revalida\u00e7\u00e3o \u00e9 de responsabilidade das universidades p\u00fablicas do Brasil que aderiram ao exame.<\/p>\n\n\n\n<p>Anualmente, as provas s\u00e3o divididas em duas etapas (te\u00f3rica e pr\u00e1tica), que abordam, de forma interdisciplinar, as cinco grandes \u00e1reas da medicina: cl\u00ednica m\u00e9dica, cirurgia, ginecologia e obstetr\u00edcia, pediatria, e medicina da fam\u00edlia e comunidade (sa\u00fade coletiva).<\/p>\n\n\n\n<p>A prova te\u00f3rica tem 100 quest\u00f5es de m\u00faltipla escolha, al\u00e9m das quest\u00f5es discursivas. E o candidato somente poder\u00e1 avan\u00e7ar para a segunda etapa, a da prova pr\u00e1tica, se for aprovado na prova te\u00f3rica.<\/p>\n\n\n\n<p>Esta \u00faltima fase&nbsp;avalia as habilidades cl\u00ednicas em cen\u00e1rios de pr\u00e1tica profissional, como atendimento de aten\u00e7\u00e3o prim\u00e1ria, ambulatorial, interna\u00e7\u00e3o hospitalar, pronto-socorro para casos de urg\u00eancia e emerg\u00eancia, al\u00e9m da medicina comunit\u00e1ria, com base na Diretriz Curricular Nacional do Curso de Medicina, nas normas e na legisla\u00e7\u00e3o profissional.<br><\/p>\n","protected":false},"excerpt":{"rendered":"<p>Certificados em l\u00edngua estrangeira devem ter tradu\u00e7\u00e3o juramentada Por Daniella Almeida \u2500 Rep\u00f3rter da Ag\u00eancia<\/p>\n","protected":false},"author":2,"featured_media":101376,"comment_status":"open","ping_status":"open","sticky":false,"template":"","format":"standard","meta":{"footnotes":""},"categories":[17],"tags":[],"class_list":["post-101375","post","type-post","status-publish","format-standard","has-post-thumbnail","hentry","category-outras-noticias"],"_links":{"self":[{"href":"https:\/\/tvc16.com\/portal\/wp-json\/wp\/v2\/posts\/101375","targetHints":{"allow":["GET"]}}],"collection":[{"href":"https:\/\/tvc16.com\/portal\/wp-json\/wp\/v2\/posts"}],"about":[{"href":"https:\/\/tvc16.com\/portal\/wp-json\/wp\/v2\/types\/post"}],"author":[{"embeddable":true,"href":"https:\/\/tvc16.com\/portal\/wp-json\/wp\/v2\/users\/2"}],"replies":[{"embeddable":true,"href":"https:\/\/tvc16.com\/portal\/wp-json\/wp\/v2\/comments?post=101375"}],"version-history":[{"count":1,"href":"https:\/\/tvc16.com\/portal\/wp-json\/wp\/v2\/posts\/101375\/revisions"}],"predecessor-version":[{"id":101377,"href":"https:\/\/tvc16.com\/portal\/wp-json\/wp\/v2\/posts\/101375\/revisions\/101377"}],"wp:featuredmedia":[{"embeddable":true,"href":"https:\/\/tvc16.com\/portal\/wp-json\/wp\/v2\/media\/101376"}],"wp:attachment":[{"href":"https:\/\/tvc16.com\/portal\/wp-json\/wp\/v2\/media?parent=101375"}],"wp:term":[{"taxonomy":"category","embeddable":true,"href":"https:\/\/tvc16.com\/portal\/wp-json\/wp\/v2\/categories?post=101375"},{"taxonomy":"post_tag","embeddable":true,"href":"https:\/\/tvc16.com\/portal\/wp-json\/wp\/v2\/tags?post=101375"}],"curies":[{"name":"wp","href":"https:\/\/api.w.org\/{rel}","templated":true}]}}