{"id":10139,"date":"2021-02-07T11:19:30","date_gmt":"2021-02-07T14:19:30","guid":{"rendered":"https:\/\/tvc16.com\/portal\/?p=10139"},"modified":"2021-02-07T11:19:33","modified_gmt":"2021-02-07T14:19:33","slug":"programa-rj-alimenta-bateu-a-marca-de-um-milhao-de-refeicoes-servidas-para-a-populacao-em-situacao-de-vulnerabilidade-social","status":"publish","type":"post","link":"https:\/\/tvc16.com\/portal\/2021\/02\/07\/programa-rj-alimenta-bateu-a-marca-de-um-milhao-de-refeicoes-servidas-para-a-populacao-em-situacao-de-vulnerabilidade-social\/","title":{"rendered":"Programa RJ Alimenta bateu a marca de um milh\u00e3o de refei\u00e7\u00f5es servidas para a popula\u00e7\u00e3o em situa\u00e7\u00e3o de vulnerabilidade social"},"content":{"rendered":"\n<p>Para celebrar esse momento, a Secretaria de Estado Desenvolvimento Social e Direitos Humanos assinou, na tarde desta sexta-feira (05), com a secret\u00e1ria de Cultura e Economia Criativa, Danielle Barros, um conv\u00eanio para tornar a Biblioteca Parque Estadual, no Centro do Rio, o novo ponto de entrega das refei\u00e7\u00f5es. O projeto, lan\u00e7ado ano passado por conta da pandemia, foi prorrogado por seis meses.<\/p>\n\n\n\n<p>&#8211; A popula\u00e7\u00e3o do nosso Estado necessita urgentemente de comida, divers\u00e3o e arte, e o conv\u00eanio com a Secretaria de Cultura vai proporcionar o sonho deles, que \u00e9 o nosso tamb\u00e9m &#8211; enfatizou Bruno Dauaire, secret\u00e1rio de Desenvolvimento Social.<\/p>\n\n\n\n<p><\/p>\n\n\n\n<figure class=\"wp-block-image size-large\"><img loading=\"lazy\" decoding=\"async\" width=\"1024\" height=\"819\" src=\"https:\/\/tvc16.com\/portal\/wp-content\/uploads\/2021\/02\/FOTOS-UANDERSON-FERNANDES-1024x819.jpeg\" alt=\"\" class=\"wp-image-10140\" srcset=\"https:\/\/tvc16.com\/portal\/wp-content\/uploads\/2021\/02\/FOTOS-UANDERSON-FERNANDES-1024x819.jpeg 1024w, https:\/\/tvc16.com\/portal\/wp-content\/uploads\/2021\/02\/FOTOS-UANDERSON-FERNANDES-300x240.jpeg 300w, https:\/\/tvc16.com\/portal\/wp-content\/uploads\/2021\/02\/FOTOS-UANDERSON-FERNANDES-768x614.jpeg 768w, https:\/\/tvc16.com\/portal\/wp-content\/uploads\/2021\/02\/FOTOS-UANDERSON-FERNANDES.jpeg 1280w\" sizes=\"auto, (max-width: 1024px) 100vw, 1024px\" \/><\/figure>\n\n\n\n<p>Durante a cerim\u00f4nia realizada ontem no novo espa\u00e7o de distribui\u00e7\u00e3o de alimentos, foi servido um jantar especial, al\u00e9m de apresenta\u00e7\u00f5es musicais, leitura de poesias e distribui\u00e7\u00e3o de livros. Todos os protocolos de seguran\u00e7a para preven\u00e7\u00e3o \u00e0 Covid-19 foram respeitados.<\/p>\n\n\n\n<p>&#8211; Essa parceria demonstra a vontade do Governo do Estado de atender todas as pessoas em situa\u00e7\u00e3o de vulnerabilidade &#8211; destacou a secret\u00e1ria Danielle Barros.<\/p>\n\n\n\n<p><\/p>\n\n\n\n<figure class=\"wp-block-image size-large\"><img loading=\"lazy\" decoding=\"async\" width=\"1024\" height=\"773\" src=\"https:\/\/tvc16.com\/portal\/wp-content\/uploads\/2021\/02\/FOTOS-UANDERSON-FERNANDES3-1024x773.jpeg\" alt=\"\" class=\"wp-image-10141\" srcset=\"https:\/\/tvc16.com\/portal\/wp-content\/uploads\/2021\/02\/FOTOS-UANDERSON-FERNANDES3-1024x773.jpeg 1024w, https:\/\/tvc16.com\/portal\/wp-content\/uploads\/2021\/02\/FOTOS-UANDERSON-FERNANDES3-300x226.jpeg 300w, https:\/\/tvc16.com\/portal\/wp-content\/uploads\/2021\/02\/FOTOS-UANDERSON-FERNANDES3-768x580.jpeg 768w, https:\/\/tvc16.com\/portal\/wp-content\/uploads\/2021\/02\/FOTOS-UANDERSON-FERNANDES3-200x150.jpeg 200w, https:\/\/tvc16.com\/portal\/wp-content\/uploads\/2021\/02\/FOTOS-UANDERSON-FERNANDES3.jpeg 1280w\" sizes=\"auto, (max-width: 1024px) 100vw, 1024px\" \/><\/figure>\n\n\n\n<p>&#8211; Estamos vivendo um cen\u00e1rio muito dif\u00edcil. O projeto n\u00e3o se limita apenas ao fornecimento de refei\u00e7\u00f5es. Temos uma equipe de educadores e assistentes sociais para fazer uma abordagem humanizada &#8211; afirma Luiza Trabuco, superintendente de Seguran\u00e7a Alimentar e Nutricional<\/p>\n\n\n\n<p><strong>RJ Alimenta<\/strong><\/p>\n\n\n\n<p>O RJ Alimenta, uma parceria entre a Funda\u00e7\u00e3o Le\u00e3o Xlll e a Secretaria de Estado de Desenvolvimento Social e Direitos Humanos, visa resguardar uma das parcelas da popula\u00e7\u00e3o que mais sofreu com os impactos da pandemia. O projeto oferece, gratuitamente, caf\u00e9 da manh\u00e3, almo\u00e7o e jantar de segunda a domingo. De acordo com pesquisa realizada pela Funda\u00e7\u00e3o Le\u00e3o Xlll, do total de pessoas que buscam pelas refei\u00e7\u00f5es do programa RJ Alimenta, 66,3% s\u00e3o homens e 32,5%, mulheres. Do total, 77,3% dos usu\u00e1rios afirmam ter outro local para almo\u00e7ar, enquanto 22,7% n\u00e3o t\u00eam. Outro dado relevante \u00e9 que 54,2% se apresentam como pessoas em situa\u00e7\u00e3o de vulnerabilidade, enquanto 45,8% est\u00e3o em situa\u00e7\u00e3o de rua.<\/p>\n","protected":false},"excerpt":{"rendered":"<p>Para celebrar esse momento, a Secretaria de Estado Desenvolvimento Social e Direitos Humanos assinou, na<\/p>\n","protected":false},"author":2,"featured_media":10142,"comment_status":"open","ping_status":"open","sticky":false,"template":"","format":"standard","meta":{"footnotes":""},"categories":[17],"tags":[],"class_list":["post-10139","post","type-post","status-publish","format-standard","has-post-thumbnail","hentry","category-outras-noticias"],"_links":{"self":[{"href":"https:\/\/tvc16.com\/portal\/wp-json\/wp\/v2\/posts\/10139","targetHints":{"allow":["GET"]}}],"collection":[{"href":"https:\/\/tvc16.com\/portal\/wp-json\/wp\/v2\/posts"}],"about":[{"href":"https:\/\/tvc16.com\/portal\/wp-json\/wp\/v2\/types\/post"}],"author":[{"embeddable":true,"href":"https:\/\/tvc16.com\/portal\/wp-json\/wp\/v2\/users\/2"}],"replies":[{"embeddable":true,"href":"https:\/\/tvc16.com\/portal\/wp-json\/wp\/v2\/comments?post=10139"}],"version-history":[{"count":1,"href":"https:\/\/tvc16.com\/portal\/wp-json\/wp\/v2\/posts\/10139\/revisions"}],"predecessor-version":[{"id":10143,"href":"https:\/\/tvc16.com\/portal\/wp-json\/wp\/v2\/posts\/10139\/revisions\/10143"}],"wp:featuredmedia":[{"embeddable":true,"href":"https:\/\/tvc16.com\/portal\/wp-json\/wp\/v2\/media\/10142"}],"wp:attachment":[{"href":"https:\/\/tvc16.com\/portal\/wp-json\/wp\/v2\/media?parent=10139"}],"wp:term":[{"taxonomy":"category","embeddable":true,"href":"https:\/\/tvc16.com\/portal\/wp-json\/wp\/v2\/categories?post=10139"},{"taxonomy":"post_tag","embeddable":true,"href":"https:\/\/tvc16.com\/portal\/wp-json\/wp\/v2\/tags?post=10139"}],"curies":[{"name":"wp","href":"https:\/\/api.w.org\/{rel}","templated":true}]}}