{"id":101403,"date":"2025-03-27T07:00:00","date_gmt":"2025-03-27T10:00:00","guid":{"rendered":"https:\/\/tvc16.com\/portal\/?p=101403"},"modified":"2025-03-27T08:57:59","modified_gmt":"2025-03-27T11:57:59","slug":"comissao-de-transportes-da-alerj-debate-seguranca-na-br-040","status":"publish","type":"post","link":"https:\/\/tvc16.com\/portal\/2025\/03\/27\/comissao-de-transportes-da-alerj-debate-seguranca-na-br-040\/","title":{"rendered":"Comiss\u00e3o de Transportes da Alerj debate seguran\u00e7a na BR-040"},"content":{"rendered":"\n<p><em>Foto: Thiago Lontra<\/em><\/p>\n\n\n\n<p>A Comiss\u00e3o de Transportes, da Assembleia Legislativa do Estado do Rio de Janeiro (Alerj), se reuniu nesta ter\u00e7a-feira (25), em audi\u00eancia p\u00fablica, para debater a nova concess\u00e3o da BR-040 e propostas de melhorias na seguran\u00e7a das cidades \u00e0s margens da rodovia, como Areal e Petr\u00f3polis. A audi\u00eancia, realizada no Edif\u00edcio L\u00facio Costa, sede do Parlamento, contou com a presen\u00e7a de vereadores e representantes desses munic\u00edpios. Entre as principais reivindica\u00e7\u00f5es, destacam-se a reforma da subida da Serra da Estrela, a instala\u00e7\u00e3o de passarelas e redutores de velocidade, al\u00e9m da revis\u00e3o do valor do ped\u00e1gio, considerado alto.<\/p>\n\n\n\n<p>\u00c0 frente da audi\u00eancia, o deputado Marcelo Dino (Uni\u00e3o) ressaltou a import\u00e2ncia do colegiado como um espa\u00e7o para dar voz \u00e0s demandas da popula\u00e7\u00e3o e refor\u00e7ou a relev\u00e2ncia do debate. &#8220;A audi\u00eancia foi fundamental para discutirmos a concess\u00e3o da BR-040, um tema que impacta diretamente as cidades pr\u00f3ximas. Nosso compromisso \u00e9 levar essas reivindica\u00e7\u00f5es adiante e buscar solu\u00e7\u00f5es dentro do Parlamento&#8221;, afirmou Dino.<\/p>\n\n\n\n<p>O vereador da cidade de Areal, Lu\u00eds Ribeiro (PRD), destacou a necessidade de melhorias urgentes na BR-040 e cobrou a\u00e7\u00f5es da Ag\u00eancia Nacional de Transportes Terrestres (ANTT) para aumentar a seguran\u00e7a no trecho. &#8220;H\u00e1 anos solicitamos a instala\u00e7\u00e3o de passarelas, radares e abrigos de \u00f4nibus, especialmente em comunidades como Cachoeirinha e Vila Delight, onde os \u00edndices de acidentes s\u00e3o alarmantes. Nos \u00faltimos cinco anos, mais de dez pessoas perderam a vida nesse percurso. Precisamos de medidas justas e eficazes para garantir a seguran\u00e7a da nossa popula\u00e7\u00e3o&#8221;, pontuou Ribeiro.<\/p>\n\n\n\n<p>Wesley Barreto (PRD), vereador de Petr\u00f3polis, criticou a qualidade do servi\u00e7o prestado na rodovia, especialmente na subida da Serra. &#8220;Os trabalhadores que dependem dessa rodovia para garantir seu sustento enfrentam diariamente uma estrada cheia de buracos, sem manuten\u00e7\u00e3o adequada e com um ped\u00e1gio abusivo de R$14,50. Al\u00e9m disso, a falta de responsabilidade com obras inacabadas j\u00e1 causou deslizamentos e prejudicou centenas de fam\u00edlias, como ocorreu na comunidade do Contorno, em 2017. \u00c9 um descaso inaceit\u00e1vel&#8221;, afirmou.<\/p>\n\n\n\n<p><strong>Aumento do ped\u00e1gio<\/strong><\/p>\n\n\n\n<p>Outra demanda discutida na audi\u00eancia foi o aumento do ped\u00e1gio na BR-040, previsto na nova concess\u00e3o da rodovia. A tarifa pode ser aumentada para R$ 19,99, um reajuste de aproximadamente 38%. O valor foi duramente criticado pelos parlamentares presentes no debate, que destacaram o impacto financeiro para os moradores e trabalhadores que dependem da rodovia diariamente.<\/p>\n\n\n\n<p>O presidente da C\u00e2mara Municipal de Areal, \u00c1lvaro Freitas (PSD), refor\u00e7ou a insatisfa\u00e7\u00e3o com os valores do ped\u00e1gio e pediu mais justi\u00e7a na concess\u00e3o. &#8220;N\u00e3o faz sentido a popula\u00e7\u00e3o pagar cada vez mais caro enquanto a estrada continua cheia de problemas. J\u00e1 estamos arcando com um ped\u00e1gio abusivo, e agora querem aumentar ainda mais sem oferecer melhorias reais. Precisamos garantir que a nova concess\u00e3o seja feita com crit\u00e9rios justos e que os motoristas n\u00e3o sejam ainda mais penalizados&#8221;, disse.<\/p>\n\n\n\n<p><strong>Nova Concess\u00e3o<\/strong><\/p>\n\n\n\n<p>A rodovia BR-040, no trecho entre o Rio de Janeiro e Juiz de Fora, passar\u00e1 por uma nova concess\u00e3o prevista para o segundo semestre deste ano. Ainda durante a audi\u00eancia p\u00fablica, o colegiado ouviu as preocupa\u00e7\u00f5es dos vereadores e representantes municipais com a possibilidade de que a nova administra\u00e7\u00e3o da rodovia mantenha os problemas da atual, sem garantir melhorias efetivas na infraestrutura e na seguran\u00e7a.<\/p>\n\n\n\n<p>Luciana Telles, representante da Defensoria P\u00fablica do Estado, enfatizou a necessidade de garantir que a nova concess\u00e3o respeite os direitos dos usu\u00e1rios e cumpra com as obriga\u00e7\u00f5es previstas no contrato. &#8220;Mesmo sendo gerida pela iniciativa privada, a rodovia continua sendo um servi\u00e7o p\u00fablico e deve seguir os princ\u00edpios da legalidade, moralidade, efici\u00eancia e transpar\u00eancia. O que vemos hoje, no entanto, \u00e9 uma concess\u00e3o que n\u00e3o entrega um servi\u00e7o eficiente, deixando de fazer investimentos essenciais, como a duplica\u00e7\u00e3o de trechos e a manuten\u00e7\u00e3o adequada da via. \u00c9 fundamental que a fiscaliza\u00e7\u00e3o desse contrato seja rigorosa e que os \u00f3rg\u00e3os competentes atuem para assegurar que a popula\u00e7\u00e3o receba um servi\u00e7o de qualidade&#8221;, pontuou.<\/p>\n\n\n\n<p><strong>ANTT<\/strong><\/p>\n\n\n\n<p>O representante da ANTT, Thiago Martorelly, se comprometeu com as demandas apresentadas e disse que a ag\u00eancia ir\u00e1 trabalhar para melhorias na rodovia. &#8220;Estamos abertos para ouvir sugest\u00f5es de melhorias, corrigir erros e seguir em frente. Nosso objetivo \u00e9 sempre estudar as necessidades da popula\u00e7\u00e3o e buscar solu\u00e7\u00f5es para garantir um servi\u00e7o mais eficiente&#8221;, afirmou.<\/p>\n\n\n\n<p>Tamb\u00e9m estiveram presentes na audi\u00eancia os representantes da Secretaria de Estado de Transportes (Setrans), Douglas Susini; da Secretaria de Planejamento, Or\u00e7amento e Moderniza\u00e7\u00e3o e Gest\u00e3o (Seplag), Eduardo Duprat; e os vereadores do munic\u00edpio de Areal, Itamar Medina (Uni\u00e3o), Samuel Sanseverino (PSB), Robson Monteiro (PRD) e Filipinho Barros (PDT).<\/p>\n","protected":false},"excerpt":{"rendered":"<p>Foto: Thiago Lontra A Comiss\u00e3o de Transportes, da Assembleia Legislativa do Estado do Rio de<\/p>\n","protected":false},"author":2,"featured_media":101404,"comment_status":"open","ping_status":"open","sticky":false,"template":"","format":"standard","meta":{"footnotes":""},"categories":[12],"tags":[],"class_list":["post-101403","post","type-post","status-publish","format-standard","has-post-thumbnail","hentry","category-cidade"],"_links":{"self":[{"href":"https:\/\/tvc16.com\/portal\/wp-json\/wp\/v2\/posts\/101403","targetHints":{"allow":["GET"]}}],"collection":[{"href":"https:\/\/tvc16.com\/portal\/wp-json\/wp\/v2\/posts"}],"about":[{"href":"https:\/\/tvc16.com\/portal\/wp-json\/wp\/v2\/types\/post"}],"author":[{"embeddable":true,"href":"https:\/\/tvc16.com\/portal\/wp-json\/wp\/v2\/users\/2"}],"replies":[{"embeddable":true,"href":"https:\/\/tvc16.com\/portal\/wp-json\/wp\/v2\/comments?post=101403"}],"version-history":[{"count":1,"href":"https:\/\/tvc16.com\/portal\/wp-json\/wp\/v2\/posts\/101403\/revisions"}],"predecessor-version":[{"id":101405,"href":"https:\/\/tvc16.com\/portal\/wp-json\/wp\/v2\/posts\/101403\/revisions\/101405"}],"wp:featuredmedia":[{"embeddable":true,"href":"https:\/\/tvc16.com\/portal\/wp-json\/wp\/v2\/media\/101404"}],"wp:attachment":[{"href":"https:\/\/tvc16.com\/portal\/wp-json\/wp\/v2\/media?parent=101403"}],"wp:term":[{"taxonomy":"category","embeddable":true,"href":"https:\/\/tvc16.com\/portal\/wp-json\/wp\/v2\/categories?post=101403"},{"taxonomy":"post_tag","embeddable":true,"href":"https:\/\/tvc16.com\/portal\/wp-json\/wp\/v2\/tags?post=101403"}],"curies":[{"name":"wp","href":"https:\/\/api.w.org\/{rel}","templated":true}]}}