{"id":101409,"date":"2025-03-27T09:01:50","date_gmt":"2025-03-27T12:01:50","guid":{"rendered":"https:\/\/tvc16.com\/portal\/?p=101409"},"modified":"2025-03-27T09:02:19","modified_gmt":"2025-03-27T12:02:19","slug":"prefeito-hingo-hammes-veta-projeto-das-sacolas-plasticas","status":"publish","type":"post","link":"https:\/\/tvc16.com\/portal\/2025\/03\/27\/prefeito-hingo-hammes-veta-projeto-das-sacolas-plasticas\/","title":{"rendered":"Prefeito Hingo Hammes veta projeto das sacolas pl\u00e1sticas"},"content":{"rendered":"\n<p>O Prefeito de Petr\u00f3polis, Hingo Hammes (PP), vetou integralmente o PL 2689\/2025 que Estabelece a Pol\u00edtica de Conscientiza\u00e7\u00e3o de Prote\u00e7\u00e3o aos Recursos Naturais. O projeto tamb\u00e9m prev\u00ea o retorno da cobran\u00e7a das sacolas pl\u00e1sticas nos supermercados. O texto \u00e9 de autoria do vereador Gil Magno e agora com o veto do executivo, retornou para a C\u00e2mara. A Comiss\u00e3o de Constitui\u00e7\u00e3o, Justi\u00e7a e Reda\u00e7\u00e3o , presidida pelo vereador Wesley Barreto (PRD), deu parecer favor\u00e1vel ao veto, por ferir uma s\u00e9rie de fatores. Apesar disso, o documento ainda passar\u00e1 por outras comiss\u00f5es no parlamento e por fim para os vereadores da Casa. Com isso, o texto ainda pode ser promulgado.<\/p>\n","protected":false},"excerpt":{"rendered":"<p>O Prefeito de Petr\u00f3polis, Hingo Hammes (PP), vetou integralmente o PL 2689\/2025 que Estabelece a<\/p>\n","protected":false},"author":2,"featured_media":26249,"comment_status":"open","ping_status":"open","sticky":false,"template":"","format":"standard","meta":{"footnotes":""},"categories":[12],"tags":[],"class_list":["post-101409","post","type-post","status-publish","format-standard","has-post-thumbnail","hentry","category-cidade"],"_links":{"self":[{"href":"https:\/\/tvc16.com\/portal\/wp-json\/wp\/v2\/posts\/101409","targetHints":{"allow":["GET"]}}],"collection":[{"href":"https:\/\/tvc16.com\/portal\/wp-json\/wp\/v2\/posts"}],"about":[{"href":"https:\/\/tvc16.com\/portal\/wp-json\/wp\/v2\/types\/post"}],"author":[{"embeddable":true,"href":"https:\/\/tvc16.com\/portal\/wp-json\/wp\/v2\/users\/2"}],"replies":[{"embeddable":true,"href":"https:\/\/tvc16.com\/portal\/wp-json\/wp\/v2\/comments?post=101409"}],"version-history":[{"count":1,"href":"https:\/\/tvc16.com\/portal\/wp-json\/wp\/v2\/posts\/101409\/revisions"}],"predecessor-version":[{"id":101410,"href":"https:\/\/tvc16.com\/portal\/wp-json\/wp\/v2\/posts\/101409\/revisions\/101410"}],"wp:featuredmedia":[{"embeddable":true,"href":"https:\/\/tvc16.com\/portal\/wp-json\/wp\/v2\/media\/26249"}],"wp:attachment":[{"href":"https:\/\/tvc16.com\/portal\/wp-json\/wp\/v2\/media?parent=101409"}],"wp:term":[{"taxonomy":"category","embeddable":true,"href":"https:\/\/tvc16.com\/portal\/wp-json\/wp\/v2\/categories?post=101409"},{"taxonomy":"post_tag","embeddable":true,"href":"https:\/\/tvc16.com\/portal\/wp-json\/wp\/v2\/tags?post=101409"}],"curies":[{"name":"wp","href":"https:\/\/api.w.org\/{rel}","templated":true}]}}