{"id":101411,"date":"2025-03-27T10:29:25","date_gmt":"2025-03-27T13:29:25","guid":{"rendered":"https:\/\/tvc16.com\/portal\/?p=101411"},"modified":"2025-03-27T10:29:29","modified_gmt":"2025-03-27T13:29:29","slug":"termina-hoje-prazo-para-entrar-na-lista-de-espera-do-prouni-2025","status":"publish","type":"post","link":"https:\/\/tvc16.com\/portal\/2025\/03\/27\/termina-hoje-prazo-para-entrar-na-lista-de-espera-do-prouni-2025\/","title":{"rendered":"Termina hoje prazo para entrar na lista de espera do Prouni 2025"},"content":{"rendered":"\n<p><em>Resultado da primeira etapa ser\u00e1 divulgado em 1\u00ba de abril<\/em><\/p>\n\n\n\n<p>Por Daniella Almeida &#8211; Rep\u00f3rter da Ag\u00eancia Brasil \/ Foto: Shubham Sharan\/Unsplash<\/p>\n\n\n\n<p><\/p>\n\n\n\n<p>Os estudantes interessados em participar da lista de espera do Programa Universidade Para Todos (Prouni) para o primeiro semestre de 2025 devem manifestar a inten\u00e7\u00e3o at\u00e9 as 23h59 de quinta-feira (27).<img decoding=\"async\" src=\"https:\/\/agenciabrasil.ebc.com.br\/ebc.png?id=1636278&amp;o=node\"><img decoding=\"async\" src=\"https:\/\/agenciabrasil.ebc.com.br\/ebc.gif?id=1636278&amp;o=node\"><\/p>\n\n\n\n<p>O Prouni oferta bolsas de estudo (integrais e parciais, 50%) em cursos de gradua\u00e7\u00e3o em institui\u00e7\u00f5es de educa\u00e7\u00e3o superior privadas.\u202f Em 2025, o programa&nbsp;comemora 20 anos de exist\u00eancia, com mais de 3,4 milh\u00f5es de estudantes beneficiados entre 2005 e 2024.&nbsp;<\/p>\n\n\n\n<p><strong>Podem participar todos os estudantes inscritos que n\u00e3o foram pr\u00e9-selecionados nas chamadas regulares do Prouni 2025\/1 ou que foram reprovados por n\u00e3o forma\u00e7\u00e3o de turma.<\/strong><\/p>\n\n\n\n<p>O registro na lista de espera de mar\u00e7o deve ser feito&nbsp;<em>online<\/em>&nbsp;na&nbsp;<a href=\"https:\/\/acessounico.mec.gov.br\/prouni\" target=\"_blank\" rel=\"noreferrer noopener\">p\u00e1gina do Prouni&nbsp;<\/a>no Portal \u00danico de Acesso ao Ensino Superior do Prouni, com Cadastro de Pessoa F\u00edsica (CPF) e senha da conta da plataforma Gov.br.<\/p>\n\n\n\n<h2 class=\"wp-block-heading\">Pr\u00e9-selecionados<\/h2>\n\n\n\n<p>A nova divulga\u00e7\u00e3o dos pr\u00e9-selecionados por meio da lista de espera ocorrer\u00e1 em 1\u00ba de abril.<\/p>\n\n\n\n<p><strong>Quem estiver na\u202flista de espera dever\u00e1 comparecer\u202f\u00e0\u202ffaculdade privada escolhida entre 1\u00ba e 11 de abril,\u202fpara\u202fcomprovar\u202fas informa\u00e7\u00f5es prestadas no momento da inscri\u00e7\u00e3o.<\/strong><\/p>\n\n\n\n<p>Os documentos exigidos s\u00e3o de identifica\u00e7\u00e3o do candidato e dos membros do grupo familiar, al\u00e9m dos comprovantes de resid\u00eancia; de ensino m\u00e9dio; de rendimentos; de professor da educa\u00e7\u00e3o b\u00e1sica, quando for o caso; de separa\u00e7\u00e3o, div\u00f3rcio ou \u00f3bito dos pais; e de defici\u00eancia, quando for o caso.<\/p>\n\n\n\n<p>Para bolsas integrais, a renda familiar bruta mensal per capita do candidato inscrito n\u00e3o pode exceder o valor de um sal\u00e1rio m\u00ednimo e meio (R$ 2.277, em 2025). No caso de bolsas parciais, o candidato deve comprovar que a renda familiar bruta mensal por pessoa exigida \u00e9 de at\u00e9 tr\u00eas sal\u00e1rios m\u00ednimos (R$ 4.554, em 2025).<\/p>\n\n\n\n<p>As institui\u00e7\u00f5es de ensino ainda podem fazer exig\u00eancias adicionais.<\/p>\n\n\n\n<p><strong>Todo o processo \u00e9 gratuito e as informa\u00e7\u00f5es oficiais s\u00e3o divulgadas nos canais de comunica\u00e7\u00e3o do MEC<\/strong>.<\/p>\n\n\n\n<h2 class=\"wp-block-heading\">Prouni 2025\/1<\/h2>\n\n\n\n<p><strong>A edi\u00e7\u00e3o de 2025 do Prouni teve 1,5\u202fmilh\u00e3o de inscri\u00e7\u00f5es, sendo 768.296\u202fpessoas inscritas \u2014 cada participante pode escolher at\u00e9 dois cursos\u202fpara concorrer\u202f\u00e0\u202fbolsa<\/strong>.<\/p>\n\n\n\n<p>Nesta edi\u00e7\u00e3o, foram ofertadas 338.444 bolsas em 403 cursos de 1.031 institui\u00e7\u00f5es privadas por todo o pa\u00eds. Dessas bolsas, 203.539 s\u00e3o integrais (100% do valor da mensalidade) e 134.905 parciais (50%).<\/p>\n\n\n\n<p>Na<a href=\"https:\/\/agenciabrasil.ebc.com.br\/educacao\/noticia\/2025-02\/resultado-da-primeira-chamada-do-prouni-ja-esta-disponivel\" target=\"_blank\" rel=\"noreferrer noopener\">&nbsp;primeira chamada do Prouni 2025\/1<\/a>, divulgada no in\u00edcio de fevereiro, 197.080\u202festudantes foram pr\u00e9-selecionados<\/p>\n\n\n\n<p>J\u00e1 a&nbsp;<a href=\"https:\/\/agenciabrasil.ebc.com.br\/educacao\/noticia\/2025-03\/prouni-convocados-da-2a-chamada-devem-confirmar-dados-ate-dia-17\" target=\"_blank\" rel=\"noreferrer noopener\">segunda chamada<\/a>, no fim de fevereiro, foram convocados 86.373 pr\u00e9-selecionados.<br><\/p>\n","protected":false},"excerpt":{"rendered":"<p>Resultado da primeira etapa ser\u00e1 divulgado em 1\u00ba de abril Por Daniella Almeida &#8211; Rep\u00f3rter<\/p>\n","protected":false},"author":2,"featured_media":101412,"comment_status":"open","ping_status":"open","sticky":false,"template":"","format":"standard","meta":{"footnotes":""},"categories":[17],"tags":[],"class_list":["post-101411","post","type-post","status-publish","format-standard","has-post-thumbnail","hentry","category-outras-noticias"],"_links":{"self":[{"href":"https:\/\/tvc16.com\/portal\/wp-json\/wp\/v2\/posts\/101411","targetHints":{"allow":["GET"]}}],"collection":[{"href":"https:\/\/tvc16.com\/portal\/wp-json\/wp\/v2\/posts"}],"about":[{"href":"https:\/\/tvc16.com\/portal\/wp-json\/wp\/v2\/types\/post"}],"author":[{"embeddable":true,"href":"https:\/\/tvc16.com\/portal\/wp-json\/wp\/v2\/users\/2"}],"replies":[{"embeddable":true,"href":"https:\/\/tvc16.com\/portal\/wp-json\/wp\/v2\/comments?post=101411"}],"version-history":[{"count":1,"href":"https:\/\/tvc16.com\/portal\/wp-json\/wp\/v2\/posts\/101411\/revisions"}],"predecessor-version":[{"id":101413,"href":"https:\/\/tvc16.com\/portal\/wp-json\/wp\/v2\/posts\/101411\/revisions\/101413"}],"wp:featuredmedia":[{"embeddable":true,"href":"https:\/\/tvc16.com\/portal\/wp-json\/wp\/v2\/media\/101412"}],"wp:attachment":[{"href":"https:\/\/tvc16.com\/portal\/wp-json\/wp\/v2\/media?parent=101411"}],"wp:term":[{"taxonomy":"category","embeddable":true,"href":"https:\/\/tvc16.com\/portal\/wp-json\/wp\/v2\/categories?post=101411"},{"taxonomy":"post_tag","embeddable":true,"href":"https:\/\/tvc16.com\/portal\/wp-json\/wp\/v2\/tags?post=101411"}],"curies":[{"name":"wp","href":"https:\/\/api.w.org\/{rel}","templated":true}]}}