{"id":101426,"date":"2025-03-27T12:28:25","date_gmt":"2025-03-27T15:28:25","guid":{"rendered":"https:\/\/tvc16.com\/portal\/?p=101426"},"modified":"2025-03-27T12:28:27","modified_gmt":"2025-03-27T15:28:27","slug":"gabarito-preliminar-da-primeira-etapa-do-revalida-2025-esta-disponivel","status":"publish","type":"post","link":"https:\/\/tvc16.com\/portal\/2025\/03\/27\/gabarito-preliminar-da-primeira-etapa-do-revalida-2025-esta-disponivel\/","title":{"rendered":"Gabarito preliminar da primeira etapa do Revalida 2025 est\u00e1 dispon\u00edvel"},"content":{"rendered":"\n<p>As vers\u00f5es preliminares do gabarito da prova objetiva da primeira etapa do Exame Nacional de Revalida\u00e7\u00e3o de Diplomas M\u00e9dicos Expedidos por Institui\u00e7\u00e3o de Educa\u00e7\u00e3o Superior Estrangeira (Revalida) de 2025 est\u00e3o dispon\u00edveis na&nbsp;<a href=\"https:\/\/revalida.inep.gov.br\/revalida\/%C2%A0\" target=\"_blank\" rel=\"noreferrer noopener\">p\u00e1gina do participante<\/a>&nbsp;no Sistema Revalida&nbsp;no portal do Instituto Nacional de Estudos e Pesquisas Educacionais An\u00edsio Teixeira (Inep).<img decoding=\"async\" src=\"https:\/\/agenciabrasil.ebc.com.br\/ebc.png?id=1636313&amp;o=node\"><img decoding=\"async\" src=\"https:\/\/agenciabrasil.ebc.com.br\/ebc.gif?id=1636313&amp;o=node\"><\/p>\n\n\n\n<p>A institui\u00e7\u00e3o respons\u00e1vel pela aplica\u00e7\u00e3o das provas tamb\u00e9m publicou o padr\u00e3o de resposta da prova discursiva, aplicada no \u00faltimo domingo (23).<\/p>\n\n\n\n<p><strong>Para visualizar os gabaritos, os candidatos devem acessar obrigatoriamente a conta Gov.br, com Cadastro de Pessoa F\u00edsica (CPF) e senha cadastrados.<\/strong><\/p>\n\n\n\n<p>A prova te\u00f3rica tem 100 quest\u00f5es de m\u00faltipla escolha. Os participantes que discordarem das respostas preliminares divulgadas no gabarito t\u00eam at\u00e9 1\u00ba de abril para interpor recursos.<\/p>\n\n\n\n<p><strong>O Inep divulgar\u00e1 os resultados definitivos da prova objetiva e os provis\u00f3rios da discursiva em 9 de maio. O resultado final da 1\u00aa etapa ser\u00e1 publicado no dia 3 de junho.<\/strong><\/p>\n\n\n\n<p>A participa\u00e7\u00e3o na segunda etapa, com as provas pr\u00e1ticas, depende da aprova\u00e7\u00e3o na primeira.<\/p>\n\n\n\n<h2 class=\"wp-block-heading\">Edi\u00e7\u00e3o de 2025<\/h2>\n\n\n\n<p>A primeira etapa do Revalida 2025\/1 contou com a participa\u00e7\u00e3o de 93,63% dos 17.778 inscritos no exame, no domingo (23),<\/p>\n\n\n\n<p>O Inep aplicou as provas em 11 capitais: Belo Horizonte, Bras\u00edlia, Campo Grande, Curitiba, Porto Alegre, Porto Velho, Recife, Rio Branco, Rio de Janeiro, Salvador e S\u00e3o Paulo.<\/p>\n\n\n\n<h2 class=\"wp-block-heading\">Revalida<\/h2>\n\n\n\n<p><strong>O Revalida avalia profissionais formados em medicina fora do Brasil que querem exercer a profiss\u00e3o em territ\u00f3rio nacional.&nbsp;<\/strong>O objetivo do exame \u00e9 garantir a qualidade do atendimento m\u00e9dico prestado no Brasil, tanto por estrangeiros como por brasileiros que estudaram medicina no exterior.<\/p>\n\n\n\n<p>Desde 2011, o Inep aplica o exame que autoriza aos aprovados obter o diploma revalidado no Brasil.&nbsp;<strong>A revalida\u00e7\u00e3o \u00e9 de responsabilidade das universidades p\u00fablicas do Brasil que aderiram ao exame.<\/strong><\/p>\n\n\n\n<p>Anualmente, as provas s\u00e3o divididas em duas etapas (te\u00f3rica e pr\u00e1tica), que abordam, de forma interdisciplinar, as cinco grandes \u00e1reas da medicina: cl\u00ednica m\u00e9dica, cirurgia, ginecologia e obstetr\u00edcia, pediatria, e medicina da fam\u00edlia e comunidade (sa\u00fade coletiva).<\/p>\n\n\n\n<p>A segunda e \u00faltima etapa, a da prova pr\u00e1tica, avaliar\u00e1 as habilidades cl\u00ednicas em cen\u00e1rios de pr\u00e1tica profissional, como atendimento de aten\u00e7\u00e3o prim\u00e1ria, ambulatorial, interna\u00e7\u00e3o hospitalar, pronto-socorro para casos de urg\u00eancia e emerg\u00eancia, al\u00e9m da medicina comunit\u00e1ria, com base na Diretriz Curricular Nacional do Curso de Medicina, nas normas e na legisla\u00e7\u00e3o profissional.<\/p>\n\n\n\n<p><strong>Para mais informa\u00e7\u00f5es sobre o Revalida, o Inep tem o&nbsp;<a href=\"https:\/\/revalida.inep.gov.br\/%C2%A0\" target=\"_blank\" rel=\"noreferrer noopener\">site<\/a>.<\/strong><\/p>\n\n\n\n<p>Daniella Almeida &#8211; Rep\u00f3rter da Ag\u00eancia Brasil<br>Foto \u00a9 Marcelo Camargo\/Ag\u00eancia Brasil<br><\/p>\n","protected":false},"excerpt":{"rendered":"<p>As vers\u00f5es preliminares do gabarito da prova objetiva da primeira etapa do Exame Nacional de<\/p>\n","protected":false},"author":2,"featured_media":101427,"comment_status":"open","ping_status":"open","sticky":false,"template":"","format":"standard","meta":{"footnotes":""},"categories":[17],"tags":[],"class_list":["post-101426","post","type-post","status-publish","format-standard","has-post-thumbnail","hentry","category-outras-noticias"],"_links":{"self":[{"href":"https:\/\/tvc16.com\/portal\/wp-json\/wp\/v2\/posts\/101426","targetHints":{"allow":["GET"]}}],"collection":[{"href":"https:\/\/tvc16.com\/portal\/wp-json\/wp\/v2\/posts"}],"about":[{"href":"https:\/\/tvc16.com\/portal\/wp-json\/wp\/v2\/types\/post"}],"author":[{"embeddable":true,"href":"https:\/\/tvc16.com\/portal\/wp-json\/wp\/v2\/users\/2"}],"replies":[{"embeddable":true,"href":"https:\/\/tvc16.com\/portal\/wp-json\/wp\/v2\/comments?post=101426"}],"version-history":[{"count":1,"href":"https:\/\/tvc16.com\/portal\/wp-json\/wp\/v2\/posts\/101426\/revisions"}],"predecessor-version":[{"id":101428,"href":"https:\/\/tvc16.com\/portal\/wp-json\/wp\/v2\/posts\/101426\/revisions\/101428"}],"wp:featuredmedia":[{"embeddable":true,"href":"https:\/\/tvc16.com\/portal\/wp-json\/wp\/v2\/media\/101427"}],"wp:attachment":[{"href":"https:\/\/tvc16.com\/portal\/wp-json\/wp\/v2\/media?parent=101426"}],"wp:term":[{"taxonomy":"category","embeddable":true,"href":"https:\/\/tvc16.com\/portal\/wp-json\/wp\/v2\/categories?post=101426"},{"taxonomy":"post_tag","embeddable":true,"href":"https:\/\/tvc16.com\/portal\/wp-json\/wp\/v2\/tags?post=101426"}],"curies":[{"name":"wp","href":"https:\/\/api.w.org\/{rel}","templated":true}]}}