{"id":101429,"date":"2025-03-27T12:30:40","date_gmt":"2025-03-27T15:30:40","guid":{"rendered":"https:\/\/tvc16.com\/portal\/?p=101429"},"modified":"2025-03-27T12:30:42","modified_gmt":"2025-03-27T15:30:42","slug":"bc-reduz-previsao-do-pib-de-21-para-19-em-2025","status":"publish","type":"post","link":"https:\/\/tvc16.com\/portal\/2025\/03\/27\/bc-reduz-previsao-do-pib-de-21-para-19-em-2025\/","title":{"rendered":"BC reduz previs\u00e3o do PIB de 2,1% para 1,9% em 2025"},"content":{"rendered":"\n<p>O Banco Central (BC)&nbsp;<strong>reduziu a estimativa de crescimento do pa\u00eds de 2,1% para 1,9% em 2025<\/strong>. Dado&nbsp;sobre a proje\u00e7\u00e3o do Produto Interno Bruto (PIB &#8211; a soma dos bens e servi\u00e7os produzidos no pa\u00eds) consta&nbsp;do relat\u00f3rio de pol\u00edtica monet\u00e1ria do primeiro trimestre, divulgado pela autoridade monet\u00e1ria nesta quinta-feira (27). Segundo o BC, a&nbsp;<strong>proje\u00e7\u00e3o de infla\u00e7\u00e3o para o ano cai para 5,01%<\/strong>, ainda fora do intervalo da meta.<img decoding=\"async\" src=\"https:\/\/agenciabrasil.ebc.com.br\/ebc.png?id=1636309&amp;o=node\"><img decoding=\"async\" src=\"https:\/\/agenciabrasil.ebc.com.br\/ebc.gif?id=1636309&amp;o=node\"><\/p>\n\n\n\n<blockquote class=\"wp-block-quote is-layout-flow wp-block-quote-is-layout-flow\">\n<p>\u201cO PIB cresceu fortemente em 2024, 3,4%, mas desacelerou mais que o esperado no quarto trimestre, ao crescer 0,2%. A desacelera\u00e7\u00e3o foi mais n\u00edtida nos setores mais sens\u00edveis ao ciclo econ\u00f4mico, no consumo das fam\u00edlias e na forma\u00e7\u00e3o bruta de capital fixo. Nesse contexto, a proje\u00e7\u00e3o para o crescimento do PIB em 2025 foi revisada para baixo, de 2,1% para 1,9%, com maior redu\u00e7\u00e3o na expectativa dos componentes mais c\u00edclicos\u201d, diz o relat\u00f3rio.<\/p>\n<\/blockquote>\n\n\n\n<p><strong>Na avalia\u00e7\u00e3o do BC, a economia aquecida favorece a alta da infla\u00e7\u00e3o, dificultando a converg\u00eancia para a meta. A infla\u00e7\u00e3o acumulada em doze meses, medida pelo \u00cdndice Nacional de Pre\u00e7os ao Consumidor Amplo (IPCA), aumentou de 4,87% em novembro para 5,06% em fevereiro.<\/strong><\/p>\n\n\n\n<p>A&nbsp;<strong>meta definida pelo Comit\u00ea de pol\u00edtica Monet\u00e1ria (Copom) do BC \u00e9 de 3%, podendo varia 1,5% para mais ou menos<\/strong>. O documento diz que as proje\u00e7\u00f5es de infla\u00e7\u00e3o se mantiveram acima da meta, tornando a \u201cconverg\u00eancia para a meta desafiadora\u201d.<\/p>\n\n\n\n<blockquote class=\"wp-block-quote is-layout-flow wp-block-quote-is-layout-flow\">\n<p>\u201cNas proje\u00e7\u00f5es do cen\u00e1rio de refer\u00eancia, a infla\u00e7\u00e3o continua acima do limite do intervalo de toler\u00e2ncia ao longo de 2025, come\u00e7ando a cair a partir do quarto trimestre, mas ainda permanecendo acima da meta. Nesse cen\u00e1rio, a infla\u00e7\u00e3o acumulada em quatro trimestres fica na faixa de 5,5%-5,6% nos tr\u00eas primeiros trimestres de 2025, cai para 5,1% no final do ano, 3,7% em 2026 e 3,1% no \u00faltimo per\u00edodo considerado, referente ao terceiro trimestre de 2027\u201d, afirma o BC.<\/p>\n<\/blockquote>\n\n\n\n<p>O documento diz ainda que a proje\u00e7\u00e3o de infla\u00e7\u00e3o para 2025 aumentou 0,6 ponto percentual (p.p.) em rela\u00e7\u00e3o ao relat\u00f3rio anterior, especialmente nas proje\u00e7\u00f5es relacionadas aos pre\u00e7os livres. Em rela\u00e7\u00e3o aos pre\u00e7os administrados, a proje\u00e7\u00e3o \u00e9 de redu\u00e7\u00e3o.<\/p>\n\n\n\n<blockquote class=\"wp-block-quote is-layout-flow wp-block-quote-is-layout-flow\">\n<p>\u201cOs efeitos dos aumentos das expectativas de infla\u00e7\u00e3o e da in\u00e9rcia decorrente das surpresas inflacion\u00e1rias e da revis\u00e3o das proje\u00e7\u00f5es de curto prazo pressionaram as proje\u00e7\u00f5es para cima, enquanto a subida da taxa de juros real, a aprecia\u00e7\u00e3o cambial e a queda do pre\u00e7o do petr\u00f3leo contribu\u00edram para baixo\u201d, diz o relat\u00f3rio.<\/p>\n<\/blockquote>\n\n\n\n<p><strong>O documento aponta ainda que o cen\u00e1rio externo permanece desafiador e segue exigindo cautela por parte de pa\u00edses emergentes<\/strong>.<\/p>\n\n\n\n<p>Na avalia\u00e7\u00e3o da autoridade monet\u00e1ria, a conjuntura e a pol\u00edtica econ\u00f4mica nos Estados Unidos, em particular a incerteza acerca da sua pol\u00edtica comercial, colocam mais d\u00favidas sobre os ritmos de desacelera\u00e7\u00e3o da atividade econ\u00f4mica e da desinfla\u00e7\u00e3o, com impactos na postura do Banco Central norte-americano, o Fed, e no ritmo de crescimento dos demais pa\u00edses.<\/p>\n\n\n\n<p>Luciano Nascimento &#8211; Rep\u00f3rter da Ag\u00eancia Brasil<br>Foto: \u00a9 Rafa Neddermeyer\/Ag\u00eancia Brasil<br><\/p>\n","protected":false},"excerpt":{"rendered":"<p>O Banco Central (BC)&nbsp;reduziu a estimativa de crescimento do pa\u00eds de 2,1% para 1,9% em<\/p>\n","protected":false},"author":2,"featured_media":101430,"comment_status":"open","ping_status":"open","sticky":false,"template":"","format":"standard","meta":{"footnotes":""},"categories":[17],"tags":[],"class_list":["post-101429","post","type-post","status-publish","format-standard","has-post-thumbnail","hentry","category-outras-noticias"],"_links":{"self":[{"href":"https:\/\/tvc16.com\/portal\/wp-json\/wp\/v2\/posts\/101429","targetHints":{"allow":["GET"]}}],"collection":[{"href":"https:\/\/tvc16.com\/portal\/wp-json\/wp\/v2\/posts"}],"about":[{"href":"https:\/\/tvc16.com\/portal\/wp-json\/wp\/v2\/types\/post"}],"author":[{"embeddable":true,"href":"https:\/\/tvc16.com\/portal\/wp-json\/wp\/v2\/users\/2"}],"replies":[{"embeddable":true,"href":"https:\/\/tvc16.com\/portal\/wp-json\/wp\/v2\/comments?post=101429"}],"version-history":[{"count":1,"href":"https:\/\/tvc16.com\/portal\/wp-json\/wp\/v2\/posts\/101429\/revisions"}],"predecessor-version":[{"id":101431,"href":"https:\/\/tvc16.com\/portal\/wp-json\/wp\/v2\/posts\/101429\/revisions\/101431"}],"wp:featuredmedia":[{"embeddable":true,"href":"https:\/\/tvc16.com\/portal\/wp-json\/wp\/v2\/media\/101430"}],"wp:attachment":[{"href":"https:\/\/tvc16.com\/portal\/wp-json\/wp\/v2\/media?parent=101429"}],"wp:term":[{"taxonomy":"category","embeddable":true,"href":"https:\/\/tvc16.com\/portal\/wp-json\/wp\/v2\/categories?post=101429"},{"taxonomy":"post_tag","embeddable":true,"href":"https:\/\/tvc16.com\/portal\/wp-json\/wp\/v2\/tags?post=101429"}],"curies":[{"name":"wp","href":"https:\/\/api.w.org\/{rel}","templated":true}]}}