{"id":10144,"date":"2021-02-07T11:26:15","date_gmt":"2021-02-07T14:26:15","guid":{"rendered":"https:\/\/tvc16.com\/portal\/?p=10144"},"modified":"2021-02-07T11:26:17","modified_gmt":"2021-02-07T14:26:17","slug":"esta-segunda-feira-8-marca-o-inicio-do-ano-letivo-de-2021-na-rede-estadual-de-ensino-do-rj","status":"publish","type":"post","link":"https:\/\/tvc16.com\/portal\/2021\/02\/07\/esta-segunda-feira-8-marca-o-inicio-do-ano-letivo-de-2021-na-rede-estadual-de-ensino-do-rj\/","title":{"rendered":"Esta segunda-feira (8) marca o in\u00edcio do ano letivo de 2021 na rede estadual de ensino do RJ"},"content":{"rendered":"\n<p>Ao longo de fevereiro, as escolas estar\u00e3o acolhendo os alunos em grupos e em hor\u00e1rios pr\u00e9-agendados para a realiza\u00e7\u00e3o de uma avalia\u00e7\u00e3o socioemocional. O diagn\u00f3stico \u00e9 in\u00e9dito e tem o objetivo de entender como est\u00e1 o aluno, sua motiva\u00e7\u00e3o e expectativas, ap\u00f3s quase um ano fora da sala de aula. Durante a ida dos estudantes \u00e0s unidades, tamb\u00e9m ser\u00e3o entregues o plano de estudo do semestre e o material pedag\u00f3gico impresso. \u00a0<br>\u2014 O m\u00eas de fevereiro ser\u00e1 de prepara\u00e7\u00e3o pedag\u00f3gica e de acolhimento da comunidade escolar. \u00c9 um momento importante, especialmente para os alunos, j\u00e1 que a maior parte deles passou quase um ano afastado e precisa reestabelecer o v\u00ednculo com os professores, diretores e colegas. Tudo ser\u00e1 feito com muita seguran\u00e7a. Nossas unidades est\u00e3o com os protocolos sanit\u00e1rios implementados e as unidades far\u00e3o o agendamento dos grupos de alunos para evitar qualquer aglomera\u00e7\u00e3o \u2013 explica o secret\u00e1rio de Estado de Educa\u00e7\u00e3o, Comte Bittencourt.<br>Os kits alimenta\u00e7\u00e3o tamb\u00e9m ser\u00e3o entregues por agendamento direto com as unidades.<\/p>\n\n\n\n<p><strong>Volta \u00e0s aulas<\/strong><\/p>\n\n\n\n<p>A partir do dia 1\u00ba de mar\u00e7o come\u00e7am as aulas na rede estadual no modelo h\u00edbrido (remoto e presencial, com turmas em sala de aula em dias alternados) ou somente remoto, dependendo das orienta\u00e7\u00f5es do Comit\u00ea Cient\u00edfico e das autoridades de sa\u00fade.<\/p>\n","protected":false},"excerpt":{"rendered":"<p>Ao longo de fevereiro, as escolas estar\u00e3o acolhendo os alunos em grupos e em hor\u00e1rios<\/p>\n","protected":false},"author":2,"featured_media":10145,"comment_status":"open","ping_status":"open","sticky":false,"template":"","format":"standard","meta":{"footnotes":""},"categories":[17],"tags":[],"class_list":["post-10144","post","type-post","status-publish","format-standard","has-post-thumbnail","hentry","category-outras-noticias"],"_links":{"self":[{"href":"https:\/\/tvc16.com\/portal\/wp-json\/wp\/v2\/posts\/10144","targetHints":{"allow":["GET"]}}],"collection":[{"href":"https:\/\/tvc16.com\/portal\/wp-json\/wp\/v2\/posts"}],"about":[{"href":"https:\/\/tvc16.com\/portal\/wp-json\/wp\/v2\/types\/post"}],"author":[{"embeddable":true,"href":"https:\/\/tvc16.com\/portal\/wp-json\/wp\/v2\/users\/2"}],"replies":[{"embeddable":true,"href":"https:\/\/tvc16.com\/portal\/wp-json\/wp\/v2\/comments?post=10144"}],"version-history":[{"count":1,"href":"https:\/\/tvc16.com\/portal\/wp-json\/wp\/v2\/posts\/10144\/revisions"}],"predecessor-version":[{"id":10146,"href":"https:\/\/tvc16.com\/portal\/wp-json\/wp\/v2\/posts\/10144\/revisions\/10146"}],"wp:featuredmedia":[{"embeddable":true,"href":"https:\/\/tvc16.com\/portal\/wp-json\/wp\/v2\/media\/10145"}],"wp:attachment":[{"href":"https:\/\/tvc16.com\/portal\/wp-json\/wp\/v2\/media?parent=10144"}],"wp:term":[{"taxonomy":"category","embeddable":true,"href":"https:\/\/tvc16.com\/portal\/wp-json\/wp\/v2\/categories?post=10144"},{"taxonomy":"post_tag","embeddable":true,"href":"https:\/\/tvc16.com\/portal\/wp-json\/wp\/v2\/tags?post=10144"}],"curies":[{"name":"wp","href":"https:\/\/api.w.org\/{rel}","templated":true}]}}