{"id":101443,"date":"2025-03-27T13:42:32","date_gmt":"2025-03-27T16:42:32","guid":{"rendered":"https:\/\/tvc16.com\/portal\/?p=101443"},"modified":"2025-03-27T13:42:34","modified_gmt":"2025-03-27T16:42:34","slug":"marco-azul-marinho-alerta-para-a-prevencao-e-o-diagnostico-precoce-do-cancer-colorretal","status":"publish","type":"post","link":"https:\/\/tvc16.com\/portal\/2025\/03\/27\/marco-azul-marinho-alerta-para-a-prevencao-e-o-diagnostico-precoce-do-cancer-colorretal\/","title":{"rendered":"Mar\u00e7o Azul Marinho alerta para a preven\u00e7\u00e3o e o diagn\u00f3stico precoce do c\u00e2ncer colorretal"},"content":{"rendered":"\n<p>Mar\u00e7o \u00e9 o m\u00eas dedicado \u00e0 conscientiza\u00e7\u00e3o sobre o c\u00e2ncer colorretal, uma das neoplasias mais frequentes no Brasil, e, neste dia 27, \u00e9 lembrado o Dia Nacional de Combate \u00e0 doen\u00e7a. O n\u00famero estimado de casos novos de c\u00e2ncer de intestino para o Brasil, para cada ano do tri\u00eanio de 2023 a 2025, \u00e9 de 45.630 casos, sendo 21.970 entre os homens e 23.660 entre as mulheres. Os dados s\u00e3o do Instituto Nacional de C\u00e2ncer (INCA).<\/p>\n\n\n\n<p>M\u00e9dico do Centro de Terapia Oncol\u00f3gica (CTO) de Petr\u00f3polis, Julio Vieira de Melo explica que diversos fatores de risco est\u00e3o associados ao c\u00e2ncer colorretal. &#8220;A incid\u00eancia aumenta conforme a idade do paciente. Dietas pobres em fibras e ricas em gordura podem elevar o risco, assim como o sedentarismo e a obesidade. Al\u00e9m disso, o hist\u00f3rico familiar de c\u00e2ncer colorretal \u00e9 um fator que aumenta significativamente a predisposi\u00e7\u00e3o \u00e0 doen\u00e7a&#8221;, destaca o m\u00e9dico.&nbsp;&nbsp;<\/p>\n\n\n\n<p>Os sintomas do c\u00e2ncer colorretal podem ser sutis ou mais evidentes. Entre os sinais de alerta, segundo o m\u00e9dico, est\u00e3o o desconforto abdominal persistente, altera\u00e7\u00f5es no h\u00e1bito intestinal \u2014 como diarreia em pessoas que costumam ser mais constipadas e vice-versa \u2014 e sangramento nas fezes. &#8220;Outro sinal que merece aten\u00e7\u00e3o \u00e9 o desenvolvimento de uma anemia cr\u00f4nica ou perda de peso sem causa aparente. \u00c9 importante que qualquer altera\u00e7\u00e3o desse tipo leve o paciente a buscar avalia\u00e7\u00e3o m\u00e9dica&#8221;, afirma.&nbsp;&nbsp;<\/p>\n\n\n\n<p>O diagn\u00f3stico do c\u00e2ncer colorretal \u00e9 feito, principalmente, por meio da colonoscopia ou da retossigmoidoscopia. A colonoscopia \u00e9 considerada o padr\u00e3o ouro, pois permite visualizar diretamente o interior do intestino, identificar les\u00f5es e coletar material para bi\u00f3psia. &#8220;A detec\u00e7\u00e3o precoce \u00e9 fundamental. Quando o c\u00e2ncer \u00e9 diagnosticado em est\u00e1gios iniciais, as chances de cura aumentam consideravelmente&#8221;, refor\u00e7a Julio.&nbsp;<\/p>\n\n\n\n<p>Outros exames que podem auxiliar na detec\u00e7\u00e3o incluem a tomografia, que pode identificar uma massa no intestino, e a resson\u00e2ncia magn\u00e9tica, que pode apontar altera\u00e7\u00f5es no reto. Esses exames costumam ser utilizados como um primeiro passo para indicar a necessidade de uma colonoscopia ou retossigmoidoscopia para confirma\u00e7\u00e3o do diagn\u00f3stico.&nbsp;&nbsp;<\/p>\n\n\n\n<p>O tratamento do c\u00e2ncer colorretal depende da localiza\u00e7\u00e3o do tumor. &#8220;Quando o tumor \u00e9 identificado no c\u00f3lon e n\u00e3o causa obstru\u00e7\u00e3o, o primeiro passo \u00e9 a retirada da les\u00e3o por meio de cirurgia, seguida de quimioterapia para reduzir o risco de recorr\u00eancia&#8221;, explica o m\u00e9dico.<\/p>\n\n\n\n<p>No caso do c\u00e2ncer de reto, o tratamento geralmente come\u00e7a com uma abordagem neoadjuvante, que envolve a combina\u00e7\u00e3o de radioterapia e quimioterapia antes da cirurgia. Em casos mais avan\u00e7ados, terapias-alvo, como anticorpos que inibem o crescimento de vasos sangu\u00edneos, podem ser utilizadas para aumentar a resposta ao tratamento. \u201cA imunoterapia tamb\u00e9m vem mostrando efic\u00e1cia em alguns casos, especialmente quando h\u00e1 instabilidade microsat\u00e9lite na les\u00e3o, o que pode ser detectado por meio de um exame de imunoistoqu\u00edmica feito no material da cirurgia\u201d, diz Julio.<\/p>\n\n\n\n<p>A preven\u00e7\u00e3o \u00e9 um dos pontos-chave no combate ao c\u00e2ncer colorretal. &#8220;Quando conseguimos detectar uma les\u00e3o pr\u00e9-maligna, como um adenoma ou p\u00f3lipo, e remov\u00ea-la antes que ela se torne maligna, estamos efetivamente prevenindo a doen\u00e7a. \u00c9 por isso que recomendamos que pessoas entre 45 e 50 anos conversem com seus m\u00e9dicos sobre a necessidade de uma colonoscopia de rastreamento. Esse exame pode identificar altera\u00e7\u00f5es precoces e permitir uma interven\u00e7\u00e3o antes que o c\u00e2ncer se desenvolva&#8221;, conclui o m\u00e9dico do CTO.<\/p>\n\n\n\n<p>Foto: divulga\u00e7\u00e3o <\/p>\n","protected":false},"excerpt":{"rendered":"<p>Mar\u00e7o \u00e9 o m\u00eas dedicado \u00e0 conscientiza\u00e7\u00e3o sobre o c\u00e2ncer colorretal, uma das neoplasias mais<\/p>\n","protected":false},"author":2,"featured_media":101444,"comment_status":"open","ping_status":"open","sticky":false,"template":"","format":"standard","meta":{"footnotes":""},"categories":[12],"tags":[],"class_list":["post-101443","post","type-post","status-publish","format-standard","has-post-thumbnail","hentry","category-cidade"],"_links":{"self":[{"href":"https:\/\/tvc16.com\/portal\/wp-json\/wp\/v2\/posts\/101443","targetHints":{"allow":["GET"]}}],"collection":[{"href":"https:\/\/tvc16.com\/portal\/wp-json\/wp\/v2\/posts"}],"about":[{"href":"https:\/\/tvc16.com\/portal\/wp-json\/wp\/v2\/types\/post"}],"author":[{"embeddable":true,"href":"https:\/\/tvc16.com\/portal\/wp-json\/wp\/v2\/users\/2"}],"replies":[{"embeddable":true,"href":"https:\/\/tvc16.com\/portal\/wp-json\/wp\/v2\/comments?post=101443"}],"version-history":[{"count":1,"href":"https:\/\/tvc16.com\/portal\/wp-json\/wp\/v2\/posts\/101443\/revisions"}],"predecessor-version":[{"id":101445,"href":"https:\/\/tvc16.com\/portal\/wp-json\/wp\/v2\/posts\/101443\/revisions\/101445"}],"wp:featuredmedia":[{"embeddable":true,"href":"https:\/\/tvc16.com\/portal\/wp-json\/wp\/v2\/media\/101444"}],"wp:attachment":[{"href":"https:\/\/tvc16.com\/portal\/wp-json\/wp\/v2\/media?parent=101443"}],"wp:term":[{"taxonomy":"category","embeddable":true,"href":"https:\/\/tvc16.com\/portal\/wp-json\/wp\/v2\/categories?post=101443"},{"taxonomy":"post_tag","embeddable":true,"href":"https:\/\/tvc16.com\/portal\/wp-json\/wp\/v2\/tags?post=101443"}],"curies":[{"name":"wp","href":"https:\/\/api.w.org\/{rel}","templated":true}]}}