{"id":101450,"date":"2025-03-30T09:00:00","date_gmt":"2025-03-30T12:00:00","guid":{"rendered":"https:\/\/tvc16.com\/portal\/?p=101450"},"modified":"2025-03-28T19:47:49","modified_gmt":"2025-03-28T22:47:49","slug":"feira-do-pescado-preparacao-para-a-semana-santa-com-tradicao","status":"publish","type":"post","link":"https:\/\/tvc16.com\/portal\/2025\/03\/30\/feira-do-pescado-preparacao-para-a-semana-santa-com-tradicao\/","title":{"rendered":"Feira do Pescado: Prepara\u00e7\u00e3o para a Semana Santa com tradi\u00e7\u00e3o"},"content":{"rendered":"\n<p>A Feira do Pescado, um evento tradicionalmente realizado antes da Semana Santa, j\u00e1 tem data definida para este ano. O evento, que acontecer\u00e1 entre os dias 16 e 18 de abril, na Rua Visconde de Souza Franco, contar\u00e1 com aproximadamente 25 barracas, oferecendo uma grande variedade de produtos para atender \u00e0 demanda no per\u00edodo religioso.<\/p>\n\n\n\n<p>A primeira reuni\u00e3o para organizar a feira aconteceu nesta quarta-feira (26), coordenada pela Secretaria de Desenvolvimento Econ\u00f4mico, com a presen\u00e7a de representantes da Companhia Municipal de Desenvolvimento de Petr\u00f3polis (Comdep), da Secretaria de Servi\u00e7os, Seguran\u00e7a e Ordem P\u00fablica (SSOP) e da Feira do Pescado. O encontro visou definir os detalhes log\u00edsticos e estruturais do evento, assegurando uma realiza\u00e7\u00e3o bem organizada e segura para todos os participantes.<\/p>\n\n\n\n<p>A Feira do Pescado desempenha um papel importante na preserva\u00e7\u00e3o de uma tradi\u00e7\u00e3o que, este ano, completa 35 anos, e tamb\u00e9m contribui para o fortalecimento da economia, especialmente no per\u00edodo que antecede a Semana Santa. \u201cA feira n\u00e3o s\u00f3 preserva uma tradi\u00e7\u00e3o religiosa e cultural, mas tamb\u00e9m movimenta a economia local ao proporcionar produtos de alta qualidade a pre\u00e7os acess\u00edveis\u201d, destacou o prefeito Hingo Hammes ressaltou a relev\u00e2ncia do evento para a cidade.<\/p>\n\n\n\n<p>Em Petr\u00f3polis, a Feira do Pescado se consolidou como um evento de grande import\u00e2ncia cultural e econ\u00f4mica para a cidade. \u201cEste \u00e9 um evento esperado pelos petropolitanos que buscam assegurar seus pescados para as celebra\u00e7\u00f5es da Semana Santa, preservando uma tradi\u00e7\u00e3o que se renova anualmente, com a garantia de seguir impulsionando a economia local e fortalecendo o senso de pertencimento na comunidade\u201d, disse o secret\u00e1rio de Desenvolvimento Econ\u00f4mico, Samir El Ghaoui.<\/p>\n\n\n\n<p>A organiza\u00e7\u00e3o da feira est\u00e1 empenhada em garantir uma estrutura eficiente e segura. A presidente da Comdep, Fernanda Ferreira, afirmou que a equipe est\u00e1 comprometida em proporcionar uma experi\u00eancia tranquila e bem organizada: \u201cEstamos trabalhando para assegurar que ela ocorra de forma segura, com infraestrutura adequada para vendedores e consumidores\u201d, disse a presidente da Comdep.<\/p>\n\n\n\n<p>Foto: divulga\u00e7\u00e3o <\/p>\n","protected":false},"excerpt":{"rendered":"<p>A Feira do Pescado, um evento tradicionalmente realizado antes da Semana Santa, j\u00e1 tem data<\/p>\n","protected":false},"author":2,"featured_media":101451,"comment_status":"open","ping_status":"open","sticky":false,"template":"","format":"standard","meta":{"footnotes":""},"categories":[12],"tags":[],"class_list":["post-101450","post","type-post","status-publish","format-standard","has-post-thumbnail","hentry","category-cidade"],"_links":{"self":[{"href":"https:\/\/tvc16.com\/portal\/wp-json\/wp\/v2\/posts\/101450","targetHints":{"allow":["GET"]}}],"collection":[{"href":"https:\/\/tvc16.com\/portal\/wp-json\/wp\/v2\/posts"}],"about":[{"href":"https:\/\/tvc16.com\/portal\/wp-json\/wp\/v2\/types\/post"}],"author":[{"embeddable":true,"href":"https:\/\/tvc16.com\/portal\/wp-json\/wp\/v2\/users\/2"}],"replies":[{"embeddable":true,"href":"https:\/\/tvc16.com\/portal\/wp-json\/wp\/v2\/comments?post=101450"}],"version-history":[{"count":1,"href":"https:\/\/tvc16.com\/portal\/wp-json\/wp\/v2\/posts\/101450\/revisions"}],"predecessor-version":[{"id":101452,"href":"https:\/\/tvc16.com\/portal\/wp-json\/wp\/v2\/posts\/101450\/revisions\/101452"}],"wp:featuredmedia":[{"embeddable":true,"href":"https:\/\/tvc16.com\/portal\/wp-json\/wp\/v2\/media\/101451"}],"wp:attachment":[{"href":"https:\/\/tvc16.com\/portal\/wp-json\/wp\/v2\/media?parent=101450"}],"wp:term":[{"taxonomy":"category","embeddable":true,"href":"https:\/\/tvc16.com\/portal\/wp-json\/wp\/v2\/categories?post=101450"},{"taxonomy":"post_tag","embeddable":true,"href":"https:\/\/tvc16.com\/portal\/wp-json\/wp\/v2\/tags?post=101450"}],"curies":[{"name":"wp","href":"https:\/\/api.w.org\/{rel}","templated":true}]}}