{"id":101455,"date":"2025-03-28T08:15:08","date_gmt":"2025-03-28T11:15:08","guid":{"rendered":"https:\/\/tvc16.com\/portal\/?p=101455"},"modified":"2025-03-28T08:15:11","modified_gmt":"2025-03-28T11:15:11","slug":"rj-vai-antecipar-vacinacao-contra-a-gripe-para-proxima-quarta","status":"publish","type":"post","link":"https:\/\/tvc16.com\/portal\/2025\/03\/28\/rj-vai-antecipar-vacinacao-contra-a-gripe-para-proxima-quarta\/","title":{"rendered":"RJ vai antecipar vacina\u00e7\u00e3o contra a gripe para pr\u00f3xima quarta"},"content":{"rendered":"\n<p><em>Campanha nacional come\u00e7a no dia 7 de abril<\/em><\/p>\n\n\n\n<p>Por T\u00e2mara Freire &#8211; Rep\u00f3rter da Ag\u00eancia Brasil \/ Foto: Tomaz Silva\/Ag\u00eancia Brasil<\/p>\n\n\n\n<p><\/p>\n\n\n\n<p>O in\u00edcio da vacina\u00e7\u00e3o contra a gripe foi antecipado para a pr\u00f3xima quarta-feira (02) no estado do Rio de Janeiro. A primeira remessa de 492 mil doses, recebida do Minist\u00e9rio da Sa\u00fade, j\u00e1 est\u00e1 sendo distribu\u00edda para os 92 munic\u00edpios fluminenses.&nbsp;<a href=\"https:\/\/agenciabrasil.ebc.com.br\/saude\/noticia\/2025-03\/campanha-de-vacinacao-contra-gripe-comeca-no-dia-7-de-abril\" target=\"_blank\" rel=\"noreferrer noopener\">A campanha come\u00e7a dia 7 de abril em todo o pa\u00eds<\/a>, mas algumas cidades e estados j\u00e1 anunciaram a antecipa\u00e7\u00e3o.<img decoding=\"async\" src=\"https:\/\/agenciabrasil.ebc.com.br\/ebc.png?id=1636386&amp;o=node\"><img decoding=\"async\" src=\"https:\/\/agenciabrasil.ebc.com.br\/ebc.gif?id=1636386&amp;o=node\"><\/p>\n\n\n\n<p>No Rio de Janeiro, mais de 7 milh\u00f5es de pessoas poder\u00e3o receber o imunizante que protege contra tr\u00eas tipos do v\u00edrus influenza: H1N1, H3N2 e Influenza B.&nbsp;<strong>A vacina \u00e9 atualizada a cada campanha, para trazer as cepas dos v\u00edrus que devem circular com mais frequ\u00eancia no pr\u00f3ximo inverno. Por isso, \u00e9 necess\u00e1rio tom\u00e1-la&nbsp;todo ano, para que a efic\u00e1cia continue alta.<\/strong><\/p>\n\n\n\n<p><strong>Grupos priorit\u00e1rios para vacina\u00e7\u00e3o contra a gripe:<\/strong><\/p>\n\n\n\n<ul class=\"wp-block-list\">\n<li>Idosos com 60 anos ou mais;<\/li>\n\n\n\n<li>Crian\u00e7as de 6 meses a menores de 6 anos;<\/li>\n\n\n\n<li>Gestantes e\u00a0pu\u00e9rperas;<\/li>\n<\/ul>\n\n\n\n<p><strong>Tamb\u00e9m podem se vacinar:<\/strong><\/p>\n\n\n\n<ul class=\"wp-block-list\">\n<li>Povos ind\u00edgenas e\u00a0quilombolas;<\/li>\n\n\n\n<li>Pessoas em situa\u00e7\u00e3o de rua;<\/li>\n\n\n\n<li>Pessoas com\u00a0cr\u00f4nicas n\u00e3o transmiss\u00edveis e outras condi\u00e7\u00f5es cl\u00ednicas especiais;<\/li>\n\n\n\n<li>Trabalhadores de sa\u00fade e da educa\u00e7\u00e3o;<\/li>\n\n\n\n<li>Profissionais das for\u00e7as de seguran\u00e7a,\u00a0salvamento e\u00a0For\u00e7as Armadas;<\/li>\n\n\n\n<li>Pessoas com defici\u00eancia permanente;<\/li>\n\n\n\n<li>Caminhoneiros e trabalhadores de transporte coletivo;<\/li>\n\n\n\n<li>Trabalhadores portu\u00e1rios;<\/li>\n\n\n\n<li>Trabalhadores dos correios;<\/li>\n\n\n\n<li>Popula\u00e7\u00e3o e os funcion\u00e1rios do sistema prisional.<\/li>\n<\/ul>\n\n\n\n<p><strong>O principal objetivo da vacina\u00e7\u00e3o conta a gripe \u00e9 proteger contra as complica\u00e7\u00f5es da doen\u00e7a que podem levar \u00e0 hospitaliza\u00e7\u00e3o e mortes<\/strong>. Este ano, at\u00e9 o dia 22 de mar\u00e7o, o Brasil registrou mais de 750 casos de S\u00edndrome Respirat\u00f3ria Aguda Grave com diagn\u00f3stico positivo confirmado para influenza e 77 mortes mas o per\u00edodo de maior circula\u00e7\u00e3o desses v\u00edrus ainda n\u00e3o come\u00e7ou. Os dados s\u00e3o do \u00faltimo boletim Infogripe da Funda\u00e7\u00e3o Oswaldo Cruz.<\/p>\n\n\n\n<p>A meta do Minist\u00e9rio da Sa\u00fade&nbsp;\u00e9 imunizar 90% dos chamados grupos priorit\u00e1rios para a vacina\u00e7\u00e3o contra a doen\u00e7a.&nbsp;Ao receber a primeira remessa de doses destinada ao Distrito Federal na sexta-feira passada (21), o ministro da Sa\u00fade, Alexandre Padilha, destacou que, al\u00e9m de&nbsp;proteger contra um total de tr\u00eas v\u00edrus do tipo influenza, a vacina&nbsp;garante uma redu\u00e7\u00e3o do risco de casos graves e \u00f3bitos provocados pela doen\u00e7a.<\/p>\n\n\n\n<p>Padilha afirmou que&nbsp;estados e munic\u00edpios que receberem as doses ao longo dos pr\u00f3ximos dias podem optar por iniciar a vacina\u00e7\u00e3o antes do dia 7, como S\u00e3o Paulo anunciou nesta quinta-feira.&nbsp;<a href=\"https:\/\/agenciabrasil.ebc.com.br\/saude\/noticia\/2025-03\/df-inicia-vacinacao-contra-gripe-nesta-terca-feira\" target=\"_blank\" rel=\"noreferrer noopener\">No Distrito Federal<\/a>, por exemplo, a imuniza\u00e7\u00e3o deve come\u00e7ou na \u00faltima&nbsp;ter\u00e7a&nbsp;(26).&nbsp;<a href=\"https:\/\/agenciabrasil.ebc.com.br\/saude\/noticia\/2025-03\/capital-paulista-antecipa-inicio-da-vacinacao-contra-gripe-para-sexta\" target=\"_blank\" rel=\"noreferrer noopener\">J\u00e1 na cidade de&nbsp;S\u00e3o Paulo<\/a>, onde tamb\u00e9m houve antecipa\u00e7\u00e3o, o in\u00edcio est\u00e1 marcado para amanh\u00e3.<br><\/p>\n","protected":false},"excerpt":{"rendered":"<p>Campanha nacional come\u00e7a no dia 7 de abril Por T\u00e2mara Freire &#8211; Rep\u00f3rter da Ag\u00eancia<\/p>\n","protected":false},"author":2,"featured_media":101456,"comment_status":"open","ping_status":"open","sticky":false,"template":"","format":"standard","meta":{"footnotes":""},"categories":[17],"tags":[],"class_list":["post-101455","post","type-post","status-publish","format-standard","has-post-thumbnail","hentry","category-outras-noticias"],"_links":{"self":[{"href":"https:\/\/tvc16.com\/portal\/wp-json\/wp\/v2\/posts\/101455","targetHints":{"allow":["GET"]}}],"collection":[{"href":"https:\/\/tvc16.com\/portal\/wp-json\/wp\/v2\/posts"}],"about":[{"href":"https:\/\/tvc16.com\/portal\/wp-json\/wp\/v2\/types\/post"}],"author":[{"embeddable":true,"href":"https:\/\/tvc16.com\/portal\/wp-json\/wp\/v2\/users\/2"}],"replies":[{"embeddable":true,"href":"https:\/\/tvc16.com\/portal\/wp-json\/wp\/v2\/comments?post=101455"}],"version-history":[{"count":1,"href":"https:\/\/tvc16.com\/portal\/wp-json\/wp\/v2\/posts\/101455\/revisions"}],"predecessor-version":[{"id":101457,"href":"https:\/\/tvc16.com\/portal\/wp-json\/wp\/v2\/posts\/101455\/revisions\/101457"}],"wp:featuredmedia":[{"embeddable":true,"href":"https:\/\/tvc16.com\/portal\/wp-json\/wp\/v2\/media\/101456"}],"wp:attachment":[{"href":"https:\/\/tvc16.com\/portal\/wp-json\/wp\/v2\/media?parent=101455"}],"wp:term":[{"taxonomy":"category","embeddable":true,"href":"https:\/\/tvc16.com\/portal\/wp-json\/wp\/v2\/categories?post=101455"},{"taxonomy":"post_tag","embeddable":true,"href":"https:\/\/tvc16.com\/portal\/wp-json\/wp\/v2\/tags?post=101455"}],"curies":[{"name":"wp","href":"https:\/\/api.w.org\/{rel}","templated":true}]}}