{"id":101461,"date":"2025-03-28T08:35:24","date_gmt":"2025-03-28T11:35:24","guid":{"rendered":"https:\/\/tvc16.com\/portal\/?p=101461"},"modified":"2025-03-28T08:35:27","modified_gmt":"2025-03-28T11:35:27","slug":"grande-nome-do-rock-brasileiro-renato-russo-celebraria-hoje-65-anos","status":"publish","type":"post","link":"https:\/\/tvc16.com\/portal\/2025\/03\/28\/grande-nome-do-rock-brasileiro-renato-russo-celebraria-hoje-65-anos\/","title":{"rendered":"Grande nome do rock brasileiro, Renato Russo celebraria hoje 65 anos"},"content":{"rendered":"\n<p><em>M\u00fasico ampliaria horizontes art\u00edsticos, dizem amigos<\/em><\/p>\n\n\n\n<p>Por Pedro Peduzzi \u2013 Rep\u00f3rter da Ag\u00eancia Brasil \/ Foto: Ricardo Junqueira\/Direitos reservados<\/p>\n\n\n\n<p><\/p>\n\n\n\n<p><strong>Se estivesse vivo, Renato Russo, m\u00fasico que, para muitos, \u00e9 considerado o maior poeta do&nbsp;<em>rock<\/em>&nbsp;brasileiro, completaria nesta quinta-feira (27) 65 anos.&nbsp;<\/strong><img decoding=\"async\" src=\"https:\/\/agenciabrasil.ebc.com.br\/ebc.png?id=1636216&amp;o=node\"><img decoding=\"async\" src=\"https:\/\/agenciabrasil.ebc.com.br\/ebc.gif?id=1636216&amp;o=node\"><\/p>\n\n\n\n<p><strong>Sua morte precoce em 1996, aos 36 anos, encerrou um legado art\u00edstico que certamente seria ainda maior, caso ele n\u00e3o tivesse sido mais uma, entre as tantas v\u00edtimas da aids naqueles anos.<\/strong><\/p>\n\n\n\n<p>Aproveitando a data de hoje, t\u00e3o importante para os f\u00e3s do artista quanto para a cena musical brasileira, a&nbsp;<strong>Ag\u00eancia Brasil<\/strong>&nbsp;conversou com algumas pessoas que conviveram com Renato Russo, na expectativa de imaginar como ele estaria e o que estaria fazendo aos 65 anos.<\/p>\n\n\n\n<h2 class=\"wp-block-heading\">\u201cMeu irm\u00e3o j\u00e1 teria largado a m\u00fasica\u201d<\/h2>\n\n\n\n<p>Uma pista sobre como estaria Renato Russo, caso estivesse presente neste anivers\u00e1rio, \u00e9 dada pela pr\u00f3pria irm\u00e3 do m\u00fasico, Carmen Teresa.<\/p>\n\n\n\n<p>\u201cNa minha opini\u00e3o, acho que ele j\u00e1 teria largado a m\u00fasica h\u00e1 muito tempo. Acho que ele estaria fazendo outra coisa\u201d, disse \u00e0&nbsp;<strong>Ag\u00eancia Brasil<\/strong>&nbsp;a irm\u00e3 de Renato Russo.<\/p>\n\n\n\n<blockquote class=\"wp-block-quote is-layout-flow wp-block-quote-is-layout-flow\">\n<p>\u201c[Renato] j\u00e1 vinha se sentindo cansado desse sistema mercadol\u00f3gico todo; da press\u00e3o dos contratos; dos shows, das turn\u00eas e do palco, onde ele sentia um certo desconforto de estar porque tinha medo, apesar de, depois, quando come\u00e7ava o show, ele realmente se sentir bem\u201d.<\/p>\n<\/blockquote>\n\n\n\n<h2 class=\"wp-block-heading\">Novos Horizontes<\/h2>\n\n\n\n<p>Amigo de longa data de Renato Manfredini J\u00fanior, nome que consta da certid\u00e3o de nascimento de Renato Russo, Marcelo Ber\u00e9, integrante do premiado Circo Teatro Udi Grudi,&nbsp;diz acreditar que, do ponto de vista profissional, o poeta roqueiro teria ampliado seus horizontes para outras \u00e1reas. Em especial, para a literatura e o cinema.<\/p>\n\n\n\n<figure class=\"wp-block-image\"><img decoding=\"async\" src=\"https:\/\/imagens.ebc.com.br\/M7GN-yad8WAWvl01RiEkLvGuz0I=\/463x0\/smart\/https:\/\/agenciabrasil.ebc.com.br\/sites\/default\/files\/thumbnails\/image\/2025\/03\/27\/marcelo_bere.jpg?itok=xmG6oOSj\" alt=\"Bras\u00edlia (DF) 27\/03\/2025 - Marcelo Ber\u00e9, amigo de Renato Russo e integrante do Circo Teatro\u00a0Udi\u00a0Grudi.\nFoto: Marcelo Ber\u00e9\/Arquivo Pessoal\" title=\"Marcelo Ber\u00e9\/Arquivo Pessoal\"\/><\/figure>\n\n\n\n<p>Marcelo Ber\u00e9, amigo de Renato Russo &#8211;&nbsp;<strong>Marcelo Ber\u00e9\/Arquivo Pessoal<\/strong><\/p>\n\n\n\n<blockquote class=\"wp-block-quote is-layout-flow wp-block-quote-is-layout-flow\">\n<p>\u201cRenato escrevia compulsiva e compulsoriamente, uma vez que o terapeuta dele o instruiu a escrever pelo menos uma p\u00e1gina por dia em seu di\u00e1rio. Ele, no entanto, escrevia bem mais do que isso, e dizia que tinha a inten\u00e7\u00e3o de fazer um livro.\u201d<\/p>\n<\/blockquote>\n\n\n\n<p>Em tom de brincadeira, Ber\u00e9 chega a dizer que \u201ccertamente o Renato estaria entre os candidatos \u00e0 Academia Brasileira de Letras ou algo do tipo\u201d, caso tivesse dado continuidade \u00e0 ideia de se tornar escritor. \u201cN\u00e3o tenho d\u00favida de que ele estaria fazendo algo relacionado \u00e0 escrita\u201d, disse.<\/p>\n\n\n\n<blockquote class=\"wp-block-quote is-layout-flow wp-block-quote-is-layout-flow\">\n<p>\u201cNas \u00faltimas oportunidades em que conversamos, ele falava tamb\u00e9m sobre sua vontade de escrever para o cinema, o que \u00e9 muito curioso, j\u00e1 que algumas de suas m\u00fasicas acabaram virando filme\u201d, lembrou.<\/p>\n<\/blockquote>\n\n\n\n<h2 class=\"wp-block-heading\">Festivais de cinema<\/h2>\n\n\n\n<p>Assim como Ber\u00e9, Eduardo Paran\u00e1, o primeiro guitarrista da Legi\u00e3o Urbana, imagina que Renato poderia estar hoje envolvido com literatura e cinema. Eduardo Paran\u00e1,&nbsp; que atualmente adota o nome art\u00edstico de Kadu Lambach, acha que, aos 65 anos, o amigo estaria&nbsp;<strong>bem recluso em sua casa e em seu universo, lendo e interpretando esse mundo em que a gente vive.<\/strong>&nbsp;<\/p>\n\n\n\n<blockquote class=\"wp-block-quote is-layout-flow wp-block-quote-is-layout-flow\">\n<p>&#8220;Estaria ligado em algumas tecnologias. Ele ia ficar ali bem quietinho, participando escondido das redes sociais. Certamente, interpretando o mundo e traduzindo ele em m\u00fasicas e em cinema\u201d, diz o parceiro musical de Renato Russo.<\/p>\n<\/blockquote>\n\n\n\n<p>Autor do livro&nbsp;<em>M\u00fasica Urbana: O In\u00edcio de uma Legi\u00e3o<\/em>, com o jornalista Andr\u00e9 Molina, Kadu Lambach diz que o v\u00ednculo de Renato com o cinema era antigo.<\/p>\n\n\n\n<p>\u201cEle sempre estava ligado nos festivais de cinema da cidade\u201d, lembra o m\u00fasico, ao citar festivais como os promovidos em Bras\u00edlia pela Caixa Econ\u00f4mica Federal, pela Cultura Inglesa, onde Renato chegou a dar aula, e por embaixadas como as da \u00cdndia, da Alemanha, da Espanha e da antiga Uni\u00e3o Sovi\u00e9tica.<\/p>\n\n\n\n<h2 class=\"wp-block-heading\">Cineasta de m\u00e3o cheia<\/h2>\n\n\n\n<figure class=\"wp-block-image\"><img decoding=\"async\" src=\"https:\/\/imagens.ebc.com.br\/zIaMg5gqsIgdowuGSph0lxqbffU=\/365x0\/smart\/https:\/\/agenciabrasil.ebc.com.br\/sites\/default\/files\/thumbnails\/image\/trbr0187_0.jpg?itok=6daruKlT\" alt=\"Rio de Janeiro (RJ), 26\/07\/2023 - Pr\u00e9dio onde viveu Renato Russo se torna Patrim\u00f4nio Cultural Carioca. Im\u00f3vel na Rua Nascimento Silva, em Ipanema, foi capa do primeiro \u00e1lbum solo do cantor e recebeu placa azul do Circuito da M\u00fasica. Foto:T\u00e2nia R\u00eago\/Ag\u00eancia Brasil\" title=\"T\u00e2nia R\u00eago\/Ag\u00eancia Brasil\"\/><\/figure>\n\n\n\n<h6 class=\"wp-block-heading\">Pr\u00e9dio onde viveu Renato Russo em Ipanema tornou-se Patrim\u00f4nio Cultural Carioca &#8211;&nbsp;<strong>T\u00e2nia R\u00eago\/Ag\u00eancia Brasil<\/strong><\/h6>\n\n\n\n<p>Segundo Lambach, Renato fazia isso porque se incomodava em ver as pessoas da turma, muitas delas mais novas do que ele, sem ter o que fazer, em uma cidade que, na \u00e9poca, de fato, n\u00e3o tinha muitas alternativas culturais.<\/p>\n\n\n\n<blockquote class=\"wp-block-quote is-layout-flow wp-block-quote-is-layout-flow\">\n<p>\u201cRealmente acredito que ele estaria vinculado e focado no cinema. A meu ver, ele teria se tornado um cineasta de m\u00e3o cheia. Um roteirista maravilhoso. N\u00e3o tenho d\u00favida sobre isso. Usaria da s\u00e9tima arte para transformar muitas hist\u00f3rias em filmes maravilhosos.\u201d<\/p>\n<\/blockquote>\n\n\n\n<p>O m\u00fasico tamb\u00e9m n\u00e3o duvida de que Renato Russo estaria, de alguma forma, atuando na \u00e1rea jornal\u00edstica. \u201cTalvez escrevendo artigos, ensaios de teatro e de cinema, e, talvez, na escrita liter\u00e1ria. Provavelmente at\u00e9 mais do que na m\u00fasica\u201d, concluiu.<\/p>\n\n\n\n<h2 class=\"wp-block-heading\">Antifascista<\/h2>\n\n\n\n<p>Marcelo Ber\u00e9 diz ter certeza de que Renato teria um posicionamento muito claro ante o atual cen\u00e1rio pol\u00edtico brasileiro. \u201cEle era um cara extremamente antifascista, at\u00e9 o \u00faltimo fio de cabelo e at\u00e9 a \u00faltima c\u00e9lula de seu corpo. Era radicalmente contra qualquer tipo de autoritarismo e extremamente libert\u00e1rio, com princ\u00edpios democr\u00e1ticos muito claros\u201d, disse Ber\u00e9 \u00e0&nbsp;<strong>Ag\u00eancia Brasil<\/strong>.<\/p>\n\n\n\n<p>\u201cCom toda certeza, ele estaria do lado das pessoas que querem ver o [ex-presidente] Bolsonaro preso; que querem democracia no pa\u00eds; que querem ver as coisas esclarecidas. E jamais apoiaria anistia para golpistas\u201d, acrescentou.<\/p>\n\n\n\n<p>A afirma\u00e7\u00e3o do artista circense tem por base diversas situa\u00e7\u00f5es que viveu ao lado de Renato. Algumas situa\u00e7\u00f5es envolviam conflitos com os chamados&nbsp;<em>skinheads<\/em>, grupos de carecas nacionalistas de extrema direita, simpatizantes do fascismo, que, na \u00e9poca, disputavam espa\u00e7o com os&nbsp;<em>punks<\/em>&nbsp;da capital federal.<\/p>\n\n\n\n<p>\u201cCerta vez, quando estava a caminho da minha casa, Renato foi agredido por um grupo de&nbsp;<em>skinheads<\/em>&nbsp;fascistas na 504 Sul [quadra localizada no Plano Piloto, em Bras\u00edlia]. O bando partiu para cima dele e de alguns amigos. Renato chegou l\u00e1 em casa p\u00e1lido, chorando e muito emocionado, revoltado com a viol\u00eancia desses grupos\u201d, lembrou Ber\u00e9.<\/p>\n\n\n\n<h2 class=\"wp-block-heading\">Extremamente humanista<\/h2>\n\n\n\n<figure class=\"wp-block-image\"><img decoding=\"async\" src=\"https:\/\/imagens.ebc.com.br\/2kALLIekFIYkrJhHc2ac4nT-NVQ=\/463x0\/smart\/https:\/\/agenciabrasil.ebc.com.br\/sites\/default\/files\/thumbnails\/image\/2025\/03\/27\/militao_ricardo_-_professor_universitario_e_amigo_do_renato_russo.jpg?itok=obILqHPA\" alt=\"Bras\u00edlia (DF) 27\/03\/2025 - Milit\u00e3o Ricardo - professor universit\u00e1rio e amigo do\u00a0Renato\u00a0Russo..\nFoto: Milit\u00e3o Ricardo\/Arquivo pessoal\" title=\"Milit\u00e3o Ricardo\/Arquivo pessoal\"\/><\/figure>\n\n\n\n<p>O professor universit\u00e1rio Milit\u00e3o Ricardo &#8211;&nbsp;<strong>Milit\u00e3o Ricardo\/Arquivo Pessoal<\/strong><\/p>\n\n\n\n<p>Outra pessoa que se considera privilegiada por ter convivido com Renato Russo \u00e9 Milit\u00e3o Ricardo, professor universit\u00e1rio, jornalista e integrante de bandas brasilienses durante os anos 80.<\/p>\n\n\n\n<blockquote class=\"wp-block-quote is-layout-flow wp-block-quote-is-layout-flow\">\n<p>\u201cN\u00e3o imagino que o Renato fosse se deixar encantar por jarg\u00f5es e hist\u00f3rias de correntes ideol\u00f3gicas e populistas que vemos no atual cen\u00e1rio pol\u00edtico do pa\u00eds, tanto da direita quanto da esquerda. Ele tinha uma vis\u00e3o extremamente humanista e n\u00e3o se deixava levar por coisas rasas\u201d, diz o professor de Produ\u00e7\u00e3o Multim\u00eddia do UniSenac, no Rio Grande do Sul.<\/p>\n<\/blockquote>\n\n\n\n<p>Milit\u00e3o conheceu Renato em 1981, durante a Expoarte, evento art\u00edstico organizado pelos alunos da Faculdade de Arquitetura da Universidade de Bras\u00edlia (UnB). \u201cA partir dali, come\u00e7amos a nos encontrar principalmente em&nbsp;<em>shows<\/em>&nbsp;e bares. A gente gostava muito de conversar, porque, a exemplo dele, eu tamb\u00e9m fazia jornalismo e era muito interessado em hist\u00f3ria do&nbsp;<em>rock<\/em>\u201d, lembra Milit\u00e3o.<\/p>\n\n\n\n<p>Foram muitas trocas e empr\u00e9stimos de livros e discos entre os dois amigos. \u201cConvers\u00e1vamos muito sobre a ind\u00fastria fonogr\u00e1fica. Ele j\u00e1 tinha uma vis\u00e3o [aprofundada] do que era a ind\u00fastria do disco, da import\u00e2ncia que TV, r\u00e1dio, jornais e a imprensa tinham\u201d, recorda o professor universit\u00e1rio.<\/p>\n\n\n\n<p><strong>\u201cEra muito legal conversar com ele porque era um cara muito culto e inteligente, com muito estudo. Lembro de v\u00ea-lo, em uma festa na UnB, conversando em ingl\u00eas, com um cara, sobre filosofia grega. Sa\u00ed at\u00e9 de perto, porque eu n\u00e3o conseguia acompanhar, apesar de at\u00e9 falar ingl\u00eas\u201d, lembra Milit\u00e3o<\/strong><\/p>\n\n\n\n<h2 class=\"wp-block-heading\">Pensamento cr\u00edtico<\/h2>\n\n\n\n<p>Tendo por base n\u00e3o s\u00f3 o lado social, mas tamb\u00e9m o conv\u00edvio familiar e a personalidade de Renato, Milit\u00e3o diz acreditar que Renato apresentaria \u201cvis\u00f5es que surpreenderiam muita gente\u201d no contexto atual.<\/p>\n\n\n\n<blockquote class=\"wp-block-quote is-layout-flow wp-block-quote-is-layout-flow\">\n<p>\u201cEle tinha um pensamento muito cr\u00edtico, enxergando defeitos e virtudes n\u00e3o de dois, mas de todos os lados. N\u00e3o era um cara dicot\u00f4mico. Para ele, isso n\u00e3o era suficiente para explicar o mundo. Seu lastro intelectual n\u00e3o lhe permitia ficar no superficial das coisas. Por isso,&nbsp; aos 65 anos, com a maturidade que a idade teria trazido,&nbsp; seria um cara mais sereno, oferecendo vis\u00f5es e coloca\u00e7\u00f5es muito agudas.\u201d<\/p>\n<\/blockquote>\n\n\n\n<figure class=\"wp-block-image\"><img decoding=\"async\" src=\"https:\/\/imagens.ebc.com.br\/BXGIkuXASAcd_ZbzOSklEjZVvfg=\/754x0\/smart\/https:\/\/agenciabrasil.ebc.com.br\/sites\/default\/files\/thumbnails\/image\/rota-do-rock_mcamgo_abr_120720211818-4.jpg?itok=th7Jcg6U\" alt=\"O Centro Cultural Renato Russo \u00e9 um dos pontos da Rota do Rock.\" title=\"Marcelo Camargo\/Ag\u00eancia Brasil\"\/><\/figure>\n\n\n\n<h6 class=\"wp-block-heading\">O Centro Cultural Renato Russo \u00e9 um dos pontos da Rota do Rock &#8211;&nbsp;<strong>Marcelo Camargo\/Ag\u00eancia Brasil<\/strong><\/h6>\n\n\n\n<h2 class=\"wp-block-heading\">Cinema seria a op\u00e7\u00e3o<\/h2>\n\n\n\n<p>Em termos gerais, as proje\u00e7\u00f5es apresentadas pelos amigos de Renato Russo \u00e0&nbsp;<strong>Ag\u00eancia Brasil&nbsp;<\/strong>\u2013 sobre novos desafios que Renato estaria encarando do ponto de vista profissional \u2013 s\u00e3o as mesmas imaginadas pela irm\u00e3 do artista.<\/p>\n\n\n\n<p>\u201cAcho que seria a \u00e9poca de ele fazer cinema, que era uma coisa que ele adorava. Renato era um cin\u00e9filo. Um amante do cinema. Entendia muit\u00edssimo dessa arte. E, quando chegasse aos 75 ou 80 anos \u2013 talvez at\u00e9 um pouco antes \u2013, ele iria para escrita. Seria um escritor\u201d, confirma Carmem Teresa.<\/p>\n\n\n\n<p>&gt;&gt;&nbsp;<strong><a href=\"https:\/\/agenciabrasil.ebc.com.br\/geral\/noticia\/2021-10\/25-anos-sem-renato-russo-o-poeta-do-rock-brasileiro\">Saiba mais<\/a>: 25 anos sem Renato Russo, o poeta do&nbsp;<em>rock<\/em>&nbsp;brasileiro<\/strong><br><\/p>\n","protected":false},"excerpt":{"rendered":"<p>M\u00fasico ampliaria horizontes art\u00edsticos, dizem amigos Por Pedro Peduzzi \u2013 Rep\u00f3rter da Ag\u00eancia Brasil \/<\/p>\n","protected":false},"author":2,"featured_media":101462,"comment_status":"open","ping_status":"open","sticky":false,"template":"","format":"standard","meta":{"footnotes":""},"categories":[17],"tags":[],"class_list":["post-101461","post","type-post","status-publish","format-standard","has-post-thumbnail","hentry","category-outras-noticias"],"_links":{"self":[{"href":"https:\/\/tvc16.com\/portal\/wp-json\/wp\/v2\/posts\/101461","targetHints":{"allow":["GET"]}}],"collection":[{"href":"https:\/\/tvc16.com\/portal\/wp-json\/wp\/v2\/posts"}],"about":[{"href":"https:\/\/tvc16.com\/portal\/wp-json\/wp\/v2\/types\/post"}],"author":[{"embeddable":true,"href":"https:\/\/tvc16.com\/portal\/wp-json\/wp\/v2\/users\/2"}],"replies":[{"embeddable":true,"href":"https:\/\/tvc16.com\/portal\/wp-json\/wp\/v2\/comments?post=101461"}],"version-history":[{"count":1,"href":"https:\/\/tvc16.com\/portal\/wp-json\/wp\/v2\/posts\/101461\/revisions"}],"predecessor-version":[{"id":101463,"href":"https:\/\/tvc16.com\/portal\/wp-json\/wp\/v2\/posts\/101461\/revisions\/101463"}],"wp:featuredmedia":[{"embeddable":true,"href":"https:\/\/tvc16.com\/portal\/wp-json\/wp\/v2\/media\/101462"}],"wp:attachment":[{"href":"https:\/\/tvc16.com\/portal\/wp-json\/wp\/v2\/media?parent=101461"}],"wp:term":[{"taxonomy":"category","embeddable":true,"href":"https:\/\/tvc16.com\/portal\/wp-json\/wp\/v2\/categories?post=101461"},{"taxonomy":"post_tag","embeddable":true,"href":"https:\/\/tvc16.com\/portal\/wp-json\/wp\/v2\/tags?post=101461"}],"curies":[{"name":"wp","href":"https:\/\/api.w.org\/{rel}","templated":true}]}}