{"id":10147,"date":"2021-02-07T11:35:22","date_gmt":"2021-02-07T14:35:22","guid":{"rendered":"https:\/\/tvc16.com\/portal\/?p=10147"},"modified":"2021-02-07T11:35:24","modified_gmt":"2021-02-07T14:35:24","slug":"inundacoes-deixam-mortos-e-centenas-de-desaparecidos-no-norte-da-india","status":"publish","type":"post","link":"https:\/\/tvc16.com\/portal\/2021\/02\/07\/inundacoes-deixam-mortos-e-centenas-de-desaparecidos-no-norte-da-india\/","title":{"rendered":"Inunda\u00e7\u00f5es deixam mortos e centenas de desaparecidos no norte da \u00cdndia"},"content":{"rendered":"\n<h3 class=\"wp-block-heading\">Uma geleira se desprendeu do Himalaia e causou alta no n\u00edvel dos rios<\/h3>\n\n\n\n<h3 class=\"wp-block-heading\"><\/h3>\n\n\n\n<p>Parte de uma geleira se desprendeu da cordilheira do Himalaia na manh\u00e3 deste&nbsp;domingo&nbsp;(8), elevando o n\u00edvel de rios que cortam o estado de Uttarakhand, no norte da \u00cdndia e provocando o transbordamento de uma represa.<img decoding=\"async\" src=\"https:\/\/agenciabrasil.ebc.com.br\/ebc.png?id=1400797&amp;o=node\"><img decoding=\"async\" src=\"https:\/\/agenciabrasil.ebc.com.br\/ebc.gif?id=1400797&amp;o=node\"><\/p>\n\n\n\n<p>Segundo autoridades indianas, a repentina alta do n\u00edvel dos rios afetou v\u00e1rias comunidades, deixando pessoas isoladas. Jornais indianos estimam que mais de uma centena de pessoas est\u00e3o desaparecidas e mais de uma dezena de v\u00edtimas j\u00e1 foram encontradas sem vida.<\/p>\n\n\n\n<p>No Twitter, o ministro-chefe do governo de Uttarakhand, Trivendra Singh Rawat, disse que ao menos 157 trabalhadores estavam trabalhando em dois empreendimentos atingidos pelas \u00e1guas. Um\u00a0<a rel=\"noreferrer noopener\" href=\"https:\/\/twitter.com\/chamolipolice\/status\/1358394227038638083\" target=\"_blank\">v\u00eddeo<\/a>\u00a0que o departamento de pol\u00edcia de Chamoli, um dos distritos de Uttarakhand, compartilhou\u00a0nas redes sociais registra o momento em que parte destes trabalhadores s\u00e3o resgatados de um t\u00fanel. De acordo com o<a rel=\"noreferrer noopener\" href=\"https:\/\/indianexpress.com\/article\/india\/nanda-devi-glacier-uttarakhand-avalanche-live-updates-7178317\/\" target=\"_blank\">\u00a0site<\/a>\u00a0The Indian Express, ao menos 50 homens trabalhavam no local no momento do acidente. O departamento de pol\u00edcia informou que\u00a0at\u00e9 as 10 horas (hor\u00e1rio de Bras\u00edlia).<\/p>\n\n\n\n<p>De acordo com Rawat, equipes de resgate de v\u00e1rios \u00f3rg\u00e3os federais e estaduais foram rapidamente deslocados para a regi\u00e3o a fim de socorrer as v\u00edtimas. \u201cTodas as equipes de resgate est\u00e3o fazendo o poss\u00edvel para salvar as vidas\u201d, escreveu o membro do governo de Uttarakhand. \u201cEquipes m\u00e9dicas foram levadas \u00e0s pressas para o local. Trinta leitos do hospital de Joshimath est\u00e3o preparadas para atender \u00e0 emerg\u00eancia, bem como outros hospitais em Srinagar, Rishikesh, Jollygrant e Dehradun. Estamos fazendo o nosso melhor para lidar com este desastre.\u201d<\/p>\n\n\n\n<p>Em sua conta no Twitter, o primeiro-ministro indiano,&nbsp;Narendra Modi, lamentou o desastre.&nbsp;Modi&nbsp;afirmou que est\u00e1 acompanhando os trabalhos de resgate \u00e0s v\u00edtimas. \u201cEstou constantemente monitorando a lament\u00e1vel situa\u00e7\u00e3o em Uttarakhand. A \u00cdndia est\u00e1 com Uttarakhand e a na\u00e7\u00e3o ora pela seguran\u00e7a de todos l\u00e1\u201d.<\/p>\n\n\n\n<p>Em\u00a0julho de\u00a02013, ao menos\u00a0<a rel=\"noreferrer noopener\" href=\"https:\/\/memoria.ebc.com.br\/agenciabrasil\/noticia\/2013-07-15\/india-prepara-indenizacao-parentes-de-6-mil-desaparecidos-e-mortos-em-enchentes\" target=\"_blank\">6 mil pessoas morreram<\/a>\u00a0 devido \u00e0s consequ\u00eancias das fortes chuvas que atingiram Uttarakhand, causando inunda\u00e7\u00f5es e deslizamentos de terra.\u00a0O estado atrai turistas de v\u00e1rias partes do pa\u00eds e do mundo por ser sede de alguns lugares considerados sagrados no hindu\u00edsmo e fonte da nascente do Rio Ganges.<\/p>\n\n\n\n<p>Por Alex Rodrigues &#8211; Rep\u00f3rter da Ag\u00eancia Brasil &#8211; Bras\u00edlia<\/p>\n\n\n\n<p>Edi\u00e7\u00e3o: Maria Claudia<\/p>\n","protected":false},"excerpt":{"rendered":"<p>Uma geleira se desprendeu do Himalaia e causou alta no n\u00edvel dos rios Parte de<\/p>\n","protected":false},"author":2,"featured_media":10148,"comment_status":"open","ping_status":"open","sticky":false,"template":"","format":"standard","meta":{"footnotes":""},"categories":[17],"tags":[],"class_list":["post-10147","post","type-post","status-publish","format-standard","has-post-thumbnail","hentry","category-outras-noticias"],"_links":{"self":[{"href":"https:\/\/tvc16.com\/portal\/wp-json\/wp\/v2\/posts\/10147","targetHints":{"allow":["GET"]}}],"collection":[{"href":"https:\/\/tvc16.com\/portal\/wp-json\/wp\/v2\/posts"}],"about":[{"href":"https:\/\/tvc16.com\/portal\/wp-json\/wp\/v2\/types\/post"}],"author":[{"embeddable":true,"href":"https:\/\/tvc16.com\/portal\/wp-json\/wp\/v2\/users\/2"}],"replies":[{"embeddable":true,"href":"https:\/\/tvc16.com\/portal\/wp-json\/wp\/v2\/comments?post=10147"}],"version-history":[{"count":1,"href":"https:\/\/tvc16.com\/portal\/wp-json\/wp\/v2\/posts\/10147\/revisions"}],"predecessor-version":[{"id":10149,"href":"https:\/\/tvc16.com\/portal\/wp-json\/wp\/v2\/posts\/10147\/revisions\/10149"}],"wp:featuredmedia":[{"embeddable":true,"href":"https:\/\/tvc16.com\/portal\/wp-json\/wp\/v2\/media\/10148"}],"wp:attachment":[{"href":"https:\/\/tvc16.com\/portal\/wp-json\/wp\/v2\/media?parent=10147"}],"wp:term":[{"taxonomy":"category","embeddable":true,"href":"https:\/\/tvc16.com\/portal\/wp-json\/wp\/v2\/categories?post=10147"},{"taxonomy":"post_tag","embeddable":true,"href":"https:\/\/tvc16.com\/portal\/wp-json\/wp\/v2\/tags?post=10147"}],"curies":[{"name":"wp","href":"https:\/\/api.w.org\/{rel}","templated":true}]}}