{"id":101476,"date":"2025-03-28T08:51:30","date_gmt":"2025-03-28T11:51:30","guid":{"rendered":"https:\/\/tvc16.com\/portal\/?p=101476"},"modified":"2025-03-28T08:51:39","modified_gmt":"2025-03-28T11:51:39","slug":"ato-no-rio-homenageia-memoria-de-rubens-paiva-e-torturados-politicos","status":"publish","type":"post","link":"https:\/\/tvc16.com\/portal\/2025\/03\/28\/ato-no-rio-homenageia-memoria-de-rubens-paiva-e-torturados-politicos\/","title":{"rendered":"Ato no Rio homenageia mem\u00f3ria de Rubens Paiva e torturados pol\u00edticos"},"content":{"rendered":"\n<p><em>Evento foi realizado em frente \u00e0 antiga sede do DOI-Codi<\/em><\/p>\n\n\n\n<p>Por Rafael Cardoso &#8211; Rep\u00f3rter da Ag\u00eancia Brasil \/ Foto: T\u00e2nia R\u00eago\/Ag\u00eancia Brasil<\/p>\n\n\n\n<p><\/p>\n\n\n\n<p><strong>Movimentos sociais e organiza\u00e7\u00f5es de direitos humanos participaram nesta quinta-feira (27) do ato&nbsp;<em>Ocupa Rubens Paiva: Tortura Nunca Mais<\/em>, em frente ao o 1\u00ba Batalh\u00e3o de Pol\u00edcia do Ex\u00e9rcito do Rio de Janeiro, antiga sede do DOI-Codi.<\/strong><img decoding=\"async\" src=\"https:\/\/agenciabrasil.ebc.com.br\/ebc.png?id=1636440&amp;o=node\"><img decoding=\"async\" src=\"https:\/\/agenciabrasil.ebc.com.br\/ebc.gif?id=1636440&amp;o=node\"><\/p>\n\n\n\n<p>O endere\u00e7o foi um centro de pris\u00e3o ilegal, tortura e morte durante a ditadura militar, implantada pelo golpe de 1964. No loval, presos pol\u00edticos foram torturados e assassinados, entre eles, o engenheiro e parlamentar Rubens Paiva.<\/p>\n\n\n\n<p><strong>O ato tamb\u00e9m lembra os 10 anos da inaugura\u00e7\u00e3o do busto em homenagem a Rubens Paiva na pra\u00e7a Lamartine Babo<\/strong>, em frente ao pr\u00e9dio do Ex\u00e9rcito, pelo Sindicato dos Engenheiros do Estado do Rio (Senge-RJ) e pela Comiss\u00e3o Estadual da Verdade.&nbsp;<\/p>\n\n\n\n<blockquote class=\"wp-block-quote is-layout-flow wp-block-quote-is-layout-flow\">\n<p>\u201cEsse foi um local de covardias, tortura e morte. Precisamos manter a mem\u00f3ria do que houve, para que nunca mais ocorra novamente. Tivemos uma tentativa recente de golpe. O que mostra que temos sempre que estar atentos e mobilizados\u201d, disse Ol\u00edmpio Alves dos Santos, presidente do Senge-RJ.<\/p>\n<\/blockquote>\n\n\n\n<p>Participaram do evento as entidades SOS Brasil Soberano, Clube de Engenharia, Levante Popular da Juventude, Frente Internacionalista dos Sem Teto, Movimento dos Trabalhadores Rurais Sem Terra, Grupo Tortura Nunca Mais, Uni\u00e3o de Negras e Negros pela Igualdade, Uni\u00e3o Brasileira de Mulheres, Associa\u00e7\u00e3o Brasileira de Imprensa (ABI).<\/p>\n\n\n\n<p><strong>O ato tamb\u00e9m refor\u00e7a press\u00e3o sobre o poder p\u00fablico para que a antiga sede do DOI-Codi seja transformada em um Museu da Mem\u00f3ria, dedicado \u00e0s v\u00edtimas da ditadura militar.&nbsp;<\/strong>O Iphan j\u00e1 se manifestou sobre o assunto, ao dizer que a prioridade do \u00f3rg\u00e3o em 2025 \u00e9 o processo de tombamento do pr\u00e9dio. O posicionamento segue recomenda\u00e7\u00e3o do Minist\u00e9rio P\u00fablico Federal (MPF) para avan\u00e7ar no tombamento, que tramita no Iphan desde 2013.<\/p>\n\n\n\n<figure class=\"wp-block-image\"><img decoding=\"async\" src=\"https:\/\/imagens.ebc.com.br\/zLlCLInhk3UkaLoT_MaIB1tY94A=\/365x0\/smart\/https:\/\/agenciabrasil.ebc.com.br\/sites\/default\/files\/thumbnails\/image\/2025\/03\/27\/imagem_do_whatsapp_de_2025-03-27_as_17.40.14_788e8119.jpg?itok=WU2nhe-L\" alt=\"Rio de Janeiro (RJ) 27\/03\/2025 - Joana D'Arc Fernandes Ferraz, membro do grupo Tortura Nunca\u00a0Mais\u00a0RJ - Ato \u201cOcupa Rubens Paiva: Tortura Nunca Mais\u201d,\u00a0em frente \u00e0 antiga sede do DOI-Codi, onde Rubens  Paiva e outros 52 presos pol\u00edticos foram torturados e assassinados durante a ditadura militar.\nFoto: T\u00e2nia R\u00eago\/Ag\u00eancia Brasil\" title=\"T\u00e2nia R\u00eago\/Ag\u00eancia Brasil\"\/><\/figure>\n\n\n\n<p>Rio de Janeiro (RJ) 27\/03\/2025 &#8211; Joana D&#8217;Arc Fernandes Ferraz, membro do grupo Tortura Nunca&nbsp;Mais&nbsp;RJ Foto:&nbsp;<strong>T\u00e2nia R\u00eago\/Ag\u00eancia Brasil<\/strong><\/p>\n\n\n\n<p>Joana Ferraz, da diretoria colegiada do Grupo Tortura Nunca Mais\/RJ, defende a transforma\u00e7\u00e3o do espa\u00e7o em museu. Ela tamb\u00e9m \u00e9 historiadora e entende que essa mem\u00f3ria precisa sempre ser revisitada.<\/p>\n\n\n\n<p>O padrinho dela, o padre Jo\u00e3o Daniel de Castro Filho, foi torturado pelos militares junto com outros membros da par\u00f3quia que fazia parte. Ela teve de lidar com resist\u00eancia dentro da pr\u00f3pria fam\u00edlia para resgatar essa mem\u00f3ria e tornar um dos objetos de luta.<\/p>\n\n\n\n<blockquote class=\"wp-block-quote is-layout-flow wp-block-quote-is-layout-flow\">\n<p>\u201cEssa \u00e9 uma hist\u00f3ria que me percorre desde sempre. E da\u00ed tamb\u00e9m o meu interesse em estudar melhor o tema. Minha m\u00e3e sempre falava que a gente n\u00e3o podia comentar o que se ouvia em casa. Esse sil\u00eancio me atordoava. Eu ficava pensando, \u2018por que n\u00e3o pode falar?\u2019 Eu tinha medo tamb\u00e9m. Mas a gente precisa de fato mexer melhor nesse passado brasileiro\u201d, diz Joana.<\/p>\n<\/blockquote>\n\n\n\n<p>O arquiteto espanhol Luis Zorraquino, que mora h\u00e1 28 anos no Brasil, tamb\u00e9m precisa lidar com esse passado traum\u00e1tico. A companheira Estrella Bohadana, que morreu h\u00e1 dois anos, foi torturada mais de uma vez pelos militares no per\u00edodo da ditadura.<\/p>\n\n\n\n<p>Estrella coordenava um movimento de trabalhadores da Companhia Sider\u00fargica Nacional (CSN), em Volta Redonda, quando foi detida. Foi torturada em um batalh\u00e3o de infantaria de Barra Mansa e depois no pr\u00f3prio DOI-Codi no Rio de Janeiro. Ela estava gr\u00e1vida e sofreu um aborto no Hospital do Ex\u00e9rcito.<\/p>\n\n\n\n<blockquote class=\"wp-block-quote is-layout-flow wp-block-quote-is-layout-flow\">\n<p>\u201cEla passou pela tortura no pau de arara. Levou choque el\u00e9trico nos mamilos, ouvidos e vagina. Muita barb\u00e1rie. E \u00e9 por isso que estamos aqui, lembrando desses acontecimentos, e queremos homenagear todos os grandes revolucion\u00e1rios, especialmente Rubens Paiva e sua fam\u00edlia\u201d, diz Luis.<\/p>\n<\/blockquote>\n\n\n\n<p>O sil\u00eancio sobre esse passado n\u00e3o \u00e9 uma op\u00e7\u00e3o para Luis, que mesmo depois da perda da companheira continua ativo nos atos por mem\u00f3ria e justi\u00e7a.&nbsp;\u201cEstrella me dizia que a tortura s\u00f3 pode ser entendia por quem a vive. E tortura dura a vida toda\u201d.<\/p>\n\n\n\n<figure class=\"wp-block-image\"><img decoding=\"async\" src=\"https:\/\/imagens.ebc.com.br\/MjsLGEsHTQ_x5ncBT8CgHRBT0IE=\/754x0\/smart\/https:\/\/agenciabrasil.ebc.com.br\/sites\/default\/files\/thumbnails\/image\/2025\/03\/27\/imagem_do_whatsapp_de_2025-03-27_as_17.25.34_f431bb29.jpg?itok=TGMCsXBg\" alt=\"Rio de Janeiro (RJ) 27\/03\/2025 - Luis Zorraquino, companheiro de Estrella  Bohadana torturada durante ditadura\u00a0militar\u00a0de\u00a064. - Ato \u201cOcupa Rubens Paiva: Tortura Nunca Mais\u201d,\u00a0em frente \u00e0 antiga sede do DOI-Codi, onde Rubens  Paiva e outros 52 presos pol\u00edticos foram torturados e assassinados durante a ditadura militar.\nFoto: T\u00e2nia R\u00eago\/Ag\u00eancia Brasil\" title=\"T\u00e2nia R\u00eago\/Ag\u00eancia Brasil\"\/><\/figure>\n\n\n\n<p>Rio de Janeiro (RJ) 27\/03\/2025 &#8211; Luis Zorraquino, companheiro de Estrella Bohadana torturada durante ditadura&nbsp;militar&nbsp;de&nbsp;64. &#8211; Ato \u201cOcupa Rubens Paiva: Tortura Nunca Mais\u201d,&nbsp;em frente \u00e0 antiga sede do DOI-Codi, onde Rubens Paiva e outros 52 presos pol\u00edticos foram torturados e assassinados durante a ditadura militar. Foto: T\u00e2nia R\u00eago\/Ag\u00eancia Brasil &#8211;&nbsp;<strong>T\u00e2nia R\u00eago\/Ag\u00eancia Brasil<\/strong><br><\/p>\n","protected":false},"excerpt":{"rendered":"<p>Evento foi realizado em frente \u00e0 antiga sede do DOI-Codi Por Rafael Cardoso &#8211; Rep\u00f3rter<\/p>\n","protected":false},"author":2,"featured_media":101477,"comment_status":"open","ping_status":"open","sticky":false,"template":"","format":"standard","meta":{"footnotes":""},"categories":[1],"tags":[],"class_list":["post-101476","post","type-post","status-publish","format-standard","has-post-thumbnail","hentry","category-uncategorized"],"_links":{"self":[{"href":"https:\/\/tvc16.com\/portal\/wp-json\/wp\/v2\/posts\/101476","targetHints":{"allow":["GET"]}}],"collection":[{"href":"https:\/\/tvc16.com\/portal\/wp-json\/wp\/v2\/posts"}],"about":[{"href":"https:\/\/tvc16.com\/portal\/wp-json\/wp\/v2\/types\/post"}],"author":[{"embeddable":true,"href":"https:\/\/tvc16.com\/portal\/wp-json\/wp\/v2\/users\/2"}],"replies":[{"embeddable":true,"href":"https:\/\/tvc16.com\/portal\/wp-json\/wp\/v2\/comments?post=101476"}],"version-history":[{"count":1,"href":"https:\/\/tvc16.com\/portal\/wp-json\/wp\/v2\/posts\/101476\/revisions"}],"predecessor-version":[{"id":101478,"href":"https:\/\/tvc16.com\/portal\/wp-json\/wp\/v2\/posts\/101476\/revisions\/101478"}],"wp:featuredmedia":[{"embeddable":true,"href":"https:\/\/tvc16.com\/portal\/wp-json\/wp\/v2\/media\/101477"}],"wp:attachment":[{"href":"https:\/\/tvc16.com\/portal\/wp-json\/wp\/v2\/media?parent=101476"}],"wp:term":[{"taxonomy":"category","embeddable":true,"href":"https:\/\/tvc16.com\/portal\/wp-json\/wp\/v2\/categories?post=101476"},{"taxonomy":"post_tag","embeddable":true,"href":"https:\/\/tvc16.com\/portal\/wp-json\/wp\/v2\/tags?post=101476"}],"curies":[{"name":"wp","href":"https:\/\/api.w.org\/{rel}","templated":true}]}}